{"id":94067,"date":"2018-01-30T11:59:49","date_gmt":"2018-01-30T10:59:49","guid":{"rendered":"https:\/\/compassion.ch\/les-ong-chretiennes-financees-par-la-suisse-malvenues-en-inde\/"},"modified":"2018-01-30T11:59:49","modified_gmt":"2018-01-30T10:59:49","slug":"les-ong-chretiennes-financees-par-la-suisse-malvenues-en-inde","status":"publish","type":"post","link":"https:\/\/compassion.ch\/it\/les-ong-chretiennes-financees-par-la-suisse-malvenues-en-inde\/","title":{"rendered":"Les ONG chr\u00e9tiennes financ\u00e9es par la Suisse, malvenues en Inde ?"},"content":{"rendered":"<div id=\"pl-94067\"  class=\"panel-layout\" ><div class=\"row section_row\"><div id=\"pg-94067-0\"  class=\"panel-grid panel-no-style\" ><div id=\"pgc-94067-0-0\"  class=\"panel-grid-cell\" ><div id=\"panel-94067-0-0-0\" class=\"so-panel widget widget_siteorigin-panels-builder panel-first-child panel-last-child\" data-index=\"0\" ><div id=\"pl-w5aeadec0a87c4\"  class=\"panel-layout\" ><div class=\"row section_row\"><div id=\"pg-w5aeadec0a87c4-0\"  class=\"panel-grid panel-no-style\" ><div id=\"pgc-w5aeadec0a87c4-0-0\"  class=\"panel-grid-cell\" ><div id=\"panel-w5aeadec0a87c4-0-0-0\" class=\"so-panel widget widget_siteorigin-panels-builder panel-first-child panel-last-child\" data-index=\"0\" ><div id=\"pl-w5aeadec0a8824\"  class=\"panel-layout\" ><div class=\"row section_row\"><div id=\"pg-w5aeadec0a8824-0\"  class=\"panel-grid panel-no-style\" ><div id=\"pgc-w5aeadec0a8824-0-0\"  class=\"panel-grid-cell panel-grid-cell-empty\" ><\/div><div id=\"pgc-w5aeadec0a8824-0-1\"  class=\"panel-grid-cell panel-grid-cell-mobile-last\" ><div id=\"panel-w5aeadec0a8824-0-1-0\" class=\"so-panel widget widget_image-slider panel-first-child\" data-index=\"0\" ><div\n\t\t\t\n\t\t\tclass=\"so-widget-image-slider so-widget-image-slider-image-slider-style-d75171398898\"\n\t\t\t\n\t\t>\n<div class=\"slick-slider slick-carousel \" data-slickSlides=\"1\" data-slickScroll=\"1\" data-slickArrows=\"true\" data-slickDots=\"true\">\n\n  \n  <div class=\"slide\">\n    <div class=\"slide-image position-center\" style=\"background-image: url(https:\/\/compassion.ch\/wp-content\/uploads\/2018\/05\/press_sw_300118_f.jpg);\"><\/div>\n    <div class=\"slide-content-wrapper\">\n      <div class=\"slide-content\">\n              <\/div>\n    <\/div>\n  <\/div>\n\n  \n<\/div>\n<\/div><\/div><div id=\"panel-w5aeadec0a8824-0-1-1\" class=\"so-panel widget widget_sow-editor panel-last-child\" data-index=\"1\" ><div\n\t\t\t\n\t\t\tclass=\"so-widget-sow-editor so-widget-sow-editor-base\"\n\t\t\t\n\t\t>\n<div class=\"siteorigin-widget-tinymce textwidget\">\n\t<p>Les organisations caritatives chr\u00e9tiennes soutenues par des donateurs \u00e9trangers, y compris suisses, \u00e9prouvent de plus en plus de difficult\u00e9s \u00e0 op\u00e9rer en Inde en raison d'obstacles administratifs<\/p>\n<p>D\u00e9couvrir l'article <a href=\"https:\/\/www.swissinfo.ch\/fre\/conversions-religieuses_les-ong-chr\u00e9tiennes-financ\u00e9es-par-la-suisse--malvenues-en-inde--\/43863250\" target=\"_blank\" rel=\"noopener\">sur le site swissinfo.ch<\/a><\/p>\n<p><small>Les contenus publi\u00e9s par les m\u00e9dias ne repr\u00e9sentent pas forc\u00e9ment la vision de Compassion. Il est possible que le lien de cet article ne fonctionne plus, si le m\u00e9dia a d\u00e9cider de le retirer des articles disponibles.<\/small><\/p>\n<\/div>\n<\/div><\/div><\/div><div id=\"pgc-w5aeadec0a8824-0-2\"  class=\"panel-grid-cell panel-grid-cell-empty\" ><\/div><\/div><\/div><\/div><\/div><\/div><\/div><\/div><\/div><\/div><\/div><\/div><\/div><\/div>","protected":false},"excerpt":{"rendered":"<p>Les organisations caritatives chr\u00e9tiennes soutenues par des donateurs \u00e9trangers, y compris suisses, \u00e9prouvent de plus en plus de difficult\u00e9s \u00e0 op\u00e9rer en Inde<\/p>\n","protected":false},"author":8,"featured_media":89850,"comment_status":"open","ping_status":"open","sticky":false,"template":"","format":"standard","meta":{"give_campaign_id":0,"footnotes":""},"categories":[92],"tags":[],"class_list":["post-94067","post","type-post","status-publish","format-standard","has-post-thumbnail","hentry","category-press-it"],"_links":{"self":[{"href":"https:\/\/compassion.ch\/it\/wp-json\/wp\/v2\/posts\/94067","targetHints":{"allow":["GET"]}}],"collection":[{"href":"https:\/\/compassion.ch\/it\/wp-json\/wp\/v2\/posts"}],"about":[{"href":"https:\/\/compassion.ch\/it\/wp-json\/wp\/v2\/types\/post"}],"author":[{"embeddable":true,"href":"https:\/\/compassion.ch\/it\/wp-json\/wp\/v2\/users\/8"}],"replies":[{"embeddable":true,"href":"https:\/\/compassion.ch\/it\/wp-json\/wp\/v2\/comments?post=94067"}],"version-history":[{"count":0,"href":"https:\/\/compassion.ch\/it\/wp-json\/wp\/v2\/posts\/94067\/revisions"}],"wp:featuredmedia":[{"embeddable":true,"href":"https:\/\/compassion.ch\/it\/wp-json\/wp\/v2\/media\/89850"}],"wp:attachment":[{"href":"https:\/\/compassion.ch\/it\/wp-json\/wp\/v2\/media?parent=94067"}],"wp:term":[{"taxonomy":"category","embeddable":true,"href":"https:\/\/compassion.ch\/it\/wp-json\/wp\/v2\/categories?post=94067"},{"taxonomy":"post_tag","embeddable":true,"href":"https:\/\/compassion.ch\/it\/wp-json\/wp\/v2\/tags?post=94067"}],"curies":[{"name":"wp","href":"https:\/\/api.w.org\/{rel}","templated":true}]}}