{"id":94059,"date":"2018-04-09T10:57:51","date_gmt":"2018-04-09T08:57:51","guid":{"rendered":"https:\/\/compassion.ch\/jetzt-botschafter-der-barmherzigkeit\/"},"modified":"2018-04-09T10:57:51","modified_gmt":"2018-04-09T08:57:51","slug":"jetzt-botschafter-der-barmherzigkeit","status":"publish","type":"post","link":"https:\/\/compassion.ch\/it\/jetzt-botschafter-der-barmherzigkeit\/","title":{"rendered":"Jetzt Botschafter der Barmherzigkeit"},"content":{"rendered":"<div id=\"pl-94059\"  class=\"panel-layout\" ><div class=\"row section_row\"><div id=\"pg-94059-0\"  class=\"panel-grid panel-no-style\" ><div id=\"pgc-94059-0-0\"  class=\"panel-grid-cell\" ><div id=\"panel-94059-0-0-0\" class=\"so-panel widget widget_siteorigin-panels-builder panel-first-child panel-last-child\" data-index=\"0\" ><div id=\"pl-w5aeacf1020928\"  class=\"panel-layout\" ><div class=\"row section_row\"><div id=\"pg-w5aeacf1020928-0\"  class=\"panel-grid panel-no-style\" ><div id=\"pgc-w5aeacf1020928-0-0\"  class=\"panel-grid-cell\" ><div id=\"panel-w5aeacf1020928-0-0-0\" class=\"so-panel widget widget_siteorigin-panels-builder panel-first-child panel-last-child\" data-index=\"0\" ><div id=\"pl-w5aeacf102099c\"  class=\"panel-layout\" ><div class=\"row section_row\"><div id=\"pg-w5aeacf102099c-0\"  class=\"panel-grid panel-no-style\" ><div id=\"pgc-w5aeacf102099c-0-0\"  class=\"panel-grid-cell panel-grid-cell-empty\" ><\/div><div id=\"pgc-w5aeacf102099c-0-1\"  class=\"panel-grid-cell panel-grid-cell-mobile-last\" ><div id=\"panel-w5aeacf102099c-0-1-0\" class=\"so-panel widget widget_image-slider panel-first-child\" data-index=\"0\" ><div\n\t\t\t\n\t\t\tclass=\"so-widget-image-slider so-widget-image-slider-image-slider-style-d75171398898\"\n\t\t\t\n\t\t>\n<div class=\"slick-slider slick-carousel \" data-slickSlides=\"1\" data-slickScroll=\"1\" data-slickArrows=\"true\" data-slickDots=\"true\">\n\n  \n  <div class=\"slide\">\n    <div class=\"slide-image position-center\" style=\"background-image: url(https:\/\/compassion.ch\/wp-content\/uploads\/2018\/04\/press_idea_180318.jpg);\"><\/div>\n    <div class=\"slide-content-wrapper\">\n      <div class=\"slide-content\">\n              <\/div>\n    <\/div>\n  <\/div>\n\n  \n<\/div>\n<\/div><\/div><div id=\"panel-w5aeacf102099c-0-1-1\" class=\"so-panel widget widget_sow-editor panel-last-child\" data-index=\"1\" ><div\n\t\t\t\n\t\t\tclass=\"so-widget-sow-editor so-widget-sow-editor-base\"\n\t\t\t\n\t\t>\n<div class=\"siteorigin-widget-tinymce textwidget\">\n\t<p>Der Journalist Christian Willi war ein Vierteljahrhundert f\u00fcr Alliance Presse t\u00e4tig, einem christlichen Zeitschriften-Verlag in der Romandie. Seit vier Monaten k\u00fcmmert er sich um Patenschaften f\u00fcr Kinder.<\/p>\n<p><a href=\"https:\/\/www.ideaschweiz.ch\/spektrum\/detail\/jetzt-botschafter-der-barmherzigkeit-104600.html\" target=\"_blank\" rel=\"noopener\">Lesen Sie die Nachrichten auf Idea<\/a><\/p>\n<p><small>Die von den Medien ver\u00f6ffentlichten Inhalte spiegeln nicht unbedingt die Vision von Compassion wider. Wenn Links nicht mehr funktionieren, wurde der Artikel von den Medien bereits entfernt. Foto: idea\/Helena Gysin<\/small><\/p>\n<\/div>\n<\/div><\/div><\/div><div id=\"pgc-w5aeacf102099c-0-2\"  class=\"panel-grid-cell panel-grid-cell-empty\" ><\/div><\/div><\/div><\/div><\/div><\/div><\/div><\/div><\/div><\/div><\/div><\/div><\/div><\/div>","protected":false},"excerpt":{"rendered":"<p>Was geschieht, wenn Menschen auf die Strasse gehen und sich f\u00fcr Gerechtigkeit einsetzen?<\/p>\n","protected":false},"author":8,"featured_media":89818,"comment_status":"open","ping_status":"open","sticky":false,"template":"","format":"standard","meta":{"give_campaign_id":0,"footnotes":""},"categories":[92],"tags":[],"class_list":["post-94059","post","type-post","status-publish","format-standard","has-post-thumbnail","hentry","category-press-it"],"_links":{"self":[{"href":"https:\/\/compassion.ch\/it\/wp-json\/wp\/v2\/posts\/94059","targetHints":{"allow":["GET"]}}],"collection":[{"href":"https:\/\/compassion.ch\/it\/wp-json\/wp\/v2\/posts"}],"about":[{"href":"https:\/\/compassion.ch\/it\/wp-json\/wp\/v2\/types\/post"}],"author":[{"embeddable":true,"href":"https:\/\/compassion.ch\/it\/wp-json\/wp\/v2\/users\/8"}],"replies":[{"embeddable":true,"href":"https:\/\/compassion.ch\/it\/wp-json\/wp\/v2\/comments?post=94059"}],"version-history":[{"count":0,"href":"https:\/\/compassion.ch\/it\/wp-json\/wp\/v2\/posts\/94059\/revisions"}],"wp:featuredmedia":[{"embeddable":true,"href":"https:\/\/compassion.ch\/it\/wp-json\/wp\/v2\/media\/89818"}],"wp:attachment":[{"href":"https:\/\/compassion.ch\/it\/wp-json\/wp\/v2\/media?parent=94059"}],"wp:term":[{"taxonomy":"category","embeddable":true,"href":"https:\/\/compassion.ch\/it\/wp-json\/wp\/v2\/categories?post=94059"},{"taxonomy":"post_tag","embeddable":true,"href":"https:\/\/compassion.ch\/it\/wp-json\/wp\/v2\/tags?post=94059"}],"curies":[{"name":"wp","href":"https:\/\/api.w.org\/{rel}","templated":true}]}}