{"id":87710,"date":"2015-01-16T12:26:02","date_gmt":"2015-01-16T11:26:02","guid":{"rendered":"https:\/\/compassion.ch\/compassion-ouvre-30-nouvelles-ecoles-en-haiti\/"},"modified":"2018-04-27T11:35:46","modified_gmt":"2018-04-27T09:35:46","slug":"compassion-ouvre-30-nouvelles-ecoles-en-haiti","status":"publish","type":"post","link":"https:\/\/compassion.ch\/it\/compassion-ouvre-30-nouvelles-ecoles-en-haiti\/","title":{"rendered":"Compassion ouvre 30 nouvelles \u00e9coles en Ha\u00efti"},"content":{"rendered":"<div id=\"pl-87710\"  class=\"panel-layout\" ><div class=\"row section_row\"><div id=\"pg-87710-0\"  class=\"panel-grid panel-no-style\" ><div id=\"pgc-87710-0-0\"  class=\"panel-grid-cell\" ><div id=\"panel-87710-0-0-0\" class=\"so-panel widget widget_siteorigin-panels-builder panel-first-child panel-last-child\" data-index=\"0\" ><div id=\"pl-w5ae2eead75305\"  class=\"panel-layout\" ><div class=\"row section_row\"><div id=\"pg-w5ae2eead75305-0\"  class=\"panel-grid panel-no-style\" ><div id=\"pgc-w5ae2eead75305-0-0\"  class=\"panel-grid-cell\" ><div id=\"panel-w5ae2eead75305-0-0-0\" class=\"so-panel widget widget_siteorigin-panels-builder panel-first-child panel-last-child\" data-index=\"0\" ><div id=\"pl-w5ae2eead7535c\"  class=\"panel-layout\" ><div class=\"row section_row\"><div id=\"pg-w5ae2eead7535c-0\"  class=\"panel-grid panel-no-style\" ><div id=\"pgc-w5ae2eead7535c-0-0\"  class=\"panel-grid-cell panel-grid-cell-empty\" ><\/div><div id=\"pgc-w5ae2eead7535c-0-1\"  class=\"panel-grid-cell panel-grid-cell-mobile-last\" ><div id=\"panel-w5ae2eead7535c-0-1-0\" class=\"so-panel widget widget_image-slider panel-first-child\" data-index=\"0\" ><div\n\t\t\t\n\t\t\tclass=\"so-widget-image-slider so-widget-image-slider-image-slider-style-d75171398898\"\n\t\t\t\n\t\t>\n<div class=\"slick-slider slick-carousel \" data-slickSlides=\"1\" data-slickScroll=\"1\" data-slickArrows=\"true\" data-slickDots=\"true\">\n\n  \n  <div class=\"slide\">\n    <div class=\"slide-image position-center\" style=\"background-image: url(https:\/\/compassion.ch\/wp-content\/uploads\/2018\/04\/press_h_160115.jpg);\"><\/div>\n    <div class=\"slide-content-wrapper\">\n      <div class=\"slide-content\">\n              <\/div>\n    <\/div>\n  <\/div>\n\n  \n<\/div>\n<\/div><\/div><div id=\"panel-w5ae2eead7535c-0-1-1\" class=\"so-panel widget widget_sow-editor panel-last-child\" data-index=\"1\" ><div\n\t\t\t\n\t\t\tclass=\"so-widget-sow-editor so-widget-sow-editor-base\"\n\t\t\t\n\t\t>\n<div class=\"siteorigin-widget-tinymce textwidget\">\n\t<p>Suite au s\u00e9isme qui a frapp\u00e9 Ha\u00efti il y a cinq ans, l'ONG chr\u00e9tienne Compassion International va y ouvrir une trentaine d\u2019\u00e9coles.<\/p>\n<p>D\u00e9couvrir l'article <a href=\"http:\/\/www.evangeliques.info\/articles\/2015\/01\/16\/compassion-ouvre-30-nouvelles-ecoles-en-haiti-11731.html\" target=\"_blank\" rel=\"noopener\">sur le site evangeliques.info <\/a><\/p>\n<p><small>Les contenus publi\u00e9s par les m\u00e9dias ne repr\u00e9sentent pas forc\u00e9ment la vision de Compassion. Il est possible que le lien de cet article ne fonctionne plus, si le m\u00e9dia a d\u00e9cider de le retirer des articles disponibles.<\/small><\/p>\n<\/div>\n<\/div><\/div><\/div><div id=\"pgc-w5ae2eead7535c-0-2\"  class=\"panel-grid-cell panel-grid-cell-empty\" ><\/div><\/div><\/div><\/div><\/div><\/div><\/div><\/div><\/div><\/div><\/div><\/div><\/div><\/div>","protected":false},"excerpt":{"rendered":"<p>Suite au s\u00e9isme qui a frapp\u00e9 Ha\u00efti il y a cinq ans, l&#8217;ONG chr\u00e9tienne Compassion International va y ouvrir une trentaine d\u2019\u00e9coles.<\/p>\n","protected":false},"author":8,"featured_media":87703,"comment_status":"open","ping_status":"open","sticky":false,"template":"","format":"standard","meta":{"give_campaign_id":0,"footnotes":""},"categories":[92],"tags":[],"class_list":["post-87710","post","type-post","status-publish","format-standard","has-post-thumbnail","hentry","category-press-it"],"_links":{"self":[{"href":"https:\/\/compassion.ch\/it\/wp-json\/wp\/v2\/posts\/87710","targetHints":{"allow":["GET"]}}],"collection":[{"href":"https:\/\/compassion.ch\/it\/wp-json\/wp\/v2\/posts"}],"about":[{"href":"https:\/\/compassion.ch\/it\/wp-json\/wp\/v2\/types\/post"}],"author":[{"embeddable":true,"href":"https:\/\/compassion.ch\/it\/wp-json\/wp\/v2\/users\/8"}],"replies":[{"embeddable":true,"href":"https:\/\/compassion.ch\/it\/wp-json\/wp\/v2\/comments?post=87710"}],"version-history":[{"count":0,"href":"https:\/\/compassion.ch\/it\/wp-json\/wp\/v2\/posts\/87710\/revisions"}],"wp:featuredmedia":[{"embeddable":true,"href":"https:\/\/compassion.ch\/it\/wp-json\/wp\/v2\/media\/87703"}],"wp:attachment":[{"href":"https:\/\/compassion.ch\/it\/wp-json\/wp\/v2\/media?parent=87710"}],"wp:term":[{"taxonomy":"category","embeddable":true,"href":"https:\/\/compassion.ch\/it\/wp-json\/wp\/v2\/categories?post=87710"},{"taxonomy":"post_tag","embeddable":true,"href":"https:\/\/compassion.ch\/it\/wp-json\/wp\/v2\/tags?post=87710"}],"curies":[{"name":"wp","href":"https:\/\/api.w.org\/{rel}","templated":true}]}}