{"id":87121,"date":"2013-03-22T11:33:10","date_gmt":"2013-03-22T10:33:10","guid":{"rendered":"https:\/\/compassion.ch\/compassion-international-a-un-nouveau-president-et-directeur\/"},"modified":"2018-04-27T11:27:14","modified_gmt":"2018-04-27T09:27:14","slug":"compassion-international-a-un-nouveau-president-et-directeur","status":"publish","type":"post","link":"https:\/\/compassion.ch\/it\/compassion-international-a-un-nouveau-president-et-directeur\/","title":{"rendered":"Compassion International a un nouveau pr\u00e9sident et directeur"},"content":{"rendered":"<div id=\"pl-87121\"  class=\"panel-layout\" ><div class=\"row section_row\"><div id=\"pg-87121-0\"  class=\"panel-grid panel-no-style\" ><div id=\"pgc-87121-0-0\"  class=\"panel-grid-cell\" ><div id=\"panel-87121-0-0-0\" class=\"so-panel widget widget_siteorigin-panels-builder panel-first-child panel-last-child\" data-index=\"0\" ><div id=\"pl-w5ae2e7f2b7892\"  class=\"panel-layout\" ><div class=\"row section_row\"><div id=\"pg-w5ae2e7f2b7892-0\"  class=\"panel-grid panel-no-style\" ><div id=\"pgc-w5ae2e7f2b7892-0-0\"  class=\"panel-grid-cell\" ><div id=\"panel-w5ae2e7f2b7892-0-0-0\" class=\"so-panel widget widget_siteorigin-panels-builder panel-first-child panel-last-child\" data-index=\"0\" ><div id=\"pl-w5ae2e7f2b78f7\"  class=\"panel-layout\" ><div class=\"row section_row\"><div id=\"pg-w5ae2e7f2b78f7-0\"  class=\"panel-grid panel-no-style\" ><div id=\"pgc-w5ae2e7f2b78f7-0-0\"  class=\"panel-grid-cell panel-grid-cell-empty\" ><\/div><div id=\"pgc-w5ae2e7f2b78f7-0-1\"  class=\"panel-grid-cell panel-grid-cell-mobile-last\" ><div id=\"panel-w5ae2e7f2b78f7-0-1-0\" class=\"so-panel widget widget_image-slider panel-first-child\" data-index=\"0\" ><div\n\t\t\t\n\t\t\tclass=\"so-widget-image-slider so-widget-image-slider-image-slider-style-d75171398898\"\n\t\t\t\n\t\t>\n<div class=\"slick-slider slick-carousel \" data-slickSlides=\"1\" data-slickScroll=\"1\" data-slickArrows=\"true\" data-slickDots=\"true\">\n\n  \n  <div class=\"slide\">\n    <div class=\"slide-image position-center\" style=\"background-image: url(https:\/\/compassion.ch\/wp-content\/uploads\/2018\/04\/1404_PH_JimmyMellado043.jpg);\"><\/div>\n    <div class=\"slide-content-wrapper\">\n      <div class=\"slide-content\">\n              <\/div>\n    <\/div>\n  <\/div>\n\n  \n<\/div>\n<\/div><\/div><div id=\"panel-w5ae2e7f2b78f7-0-1-1\" class=\"so-panel widget widget_sow-editor panel-last-child\" data-index=\"1\" ><div\n\t\t\t\n\t\t\tclass=\"so-widget-sow-editor so-widget-sow-editor-base\"\n\t\t\t\n\t\t>\n<div class=\"siteorigin-widget-tinymce textwidget\">\n\t<p><strong>L'ONG Compassion International a nomm\u00e9 un nouveau pr\u00e9sident, pour succ\u00e9der \u00e0 Wess Stafford, en d\u00e9part pour la retraite.<br \/>\n<\/strong><\/p>\n<p>D\u00e9couvrir l'article <a href=\"http:\/\/www.evangeliques.info\/articles\/2013\/03\/20\/compassion-international-a-un-nouveau-president-et-directeur-8496.html\n\" target=\"_blank\" rel=\"noopener\">sur le site evangeliques.info<\/a><\/p>\n<p><small>Les contenus publi\u00e9s par les m\u00e9dias ne repr\u00e9sentent pas forc\u00e9ment la vision de Compassion. Il est possible que le lien de cet article ne fonctionne plus, si le m\u00e9dia a d\u00e9cider de le retirer des articles disponibles.<\/small><\/p>\n<\/div>\n<\/div><\/div><\/div><div id=\"pgc-w5ae2e7f2b78f7-0-2\"  class=\"panel-grid-cell panel-grid-cell-empty\" ><\/div><\/div><\/div><\/div><\/div><\/div><\/div><\/div><\/div><\/div><\/div><\/div><\/div><\/div>","protected":false},"excerpt":{"rendered":"<p>Jim Mellado, pr\u00e9sident de la Willow Creek Association depuis 1993, rejoindra Compassion au mois de septembre.<\/p>\n","protected":false},"author":8,"featured_media":87116,"comment_status":"open","ping_status":"open","sticky":false,"template":"","format":"standard","meta":{"give_campaign_id":0,"footnotes":""},"categories":[92],"tags":[],"class_list":["post-87121","post","type-post","status-publish","format-standard","has-post-thumbnail","hentry","category-press-it"],"_links":{"self":[{"href":"https:\/\/compassion.ch\/it\/wp-json\/wp\/v2\/posts\/87121","targetHints":{"allow":["GET"]}}],"collection":[{"href":"https:\/\/compassion.ch\/it\/wp-json\/wp\/v2\/posts"}],"about":[{"href":"https:\/\/compassion.ch\/it\/wp-json\/wp\/v2\/types\/post"}],"author":[{"embeddable":true,"href":"https:\/\/compassion.ch\/it\/wp-json\/wp\/v2\/users\/8"}],"replies":[{"embeddable":true,"href":"https:\/\/compassion.ch\/it\/wp-json\/wp\/v2\/comments?post=87121"}],"version-history":[{"count":0,"href":"https:\/\/compassion.ch\/it\/wp-json\/wp\/v2\/posts\/87121\/revisions"}],"wp:featuredmedia":[{"embeddable":true,"href":"https:\/\/compassion.ch\/it\/wp-json\/wp\/v2\/media\/87116"}],"wp:attachment":[{"href":"https:\/\/compassion.ch\/it\/wp-json\/wp\/v2\/media?parent=87121"}],"wp:term":[{"taxonomy":"category","embeddable":true,"href":"https:\/\/compassion.ch\/it\/wp-json\/wp\/v2\/categories?post=87121"},{"taxonomy":"post_tag","embeddable":true,"href":"https:\/\/compassion.ch\/it\/wp-json\/wp\/v2\/tags?post=87121"}],"curies":[{"name":"wp","href":"https:\/\/api.w.org\/{rel}","templated":true}]}}