{"id":86404,"date":"2008-04-10T16:02:08","date_gmt":"2008-04-10T14:02:08","guid":{"rendered":"https:\/\/compassion.ch\/4000e-enfant-parraine-par-compassion-suisse\/"},"modified":"2018-04-27T11:20:42","modified_gmt":"2018-04-27T09:20:42","slug":"4000e-enfant-parraine-par-compassion-suisse","status":"publish","type":"post","link":"https:\/\/compassion.ch\/it\/4000e-enfant-parraine-par-compassion-suisse\/","title":{"rendered":"4000e enfant parrain\u00e9 par Compassion Suisse"},"content":{"rendered":"<div id=\"pl-86404\"  class=\"panel-layout\" ><div class=\"row section_row\"><div id=\"pg-86404-0\"  class=\"panel-grid panel-no-style\" ><div id=\"pgc-86404-0-0\"  class=\"panel-grid-cell\" ><div id=\"panel-86404-0-0-0\" class=\"so-panel widget widget_siteorigin-panels-builder panel-first-child panel-last-child\" data-index=\"0\" ><div id=\"pl-w5ae2eb1a04051\"  class=\"panel-layout\" ><div class=\"row section_row\"><div id=\"pg-w5ae2eb1a04051-0\"  class=\"panel-grid panel-no-style\" ><div id=\"pgc-w5ae2eb1a04051-0-0\"  class=\"panel-grid-cell\" ><div id=\"panel-w5ae2eb1a04051-0-0-0\" class=\"so-panel widget widget_siteorigin-panels-builder panel-first-child panel-last-child\" data-index=\"0\" ><div id=\"pl-w5ae2eb1a040a6\"  class=\"panel-layout\" ><div class=\"row section_row\"><div id=\"pg-w5ae2eb1a040a6-0\"  class=\"panel-grid panel-no-style\" ><div id=\"pgc-w5ae2eb1a040a6-0-0\"  class=\"panel-grid-cell panel-grid-cell-empty\" ><\/div><div id=\"pgc-w5ae2eb1a040a6-0-1\"  class=\"panel-grid-cell panel-grid-cell-mobile-last\" ><div id=\"panel-w5ae2eb1a040a6-0-1-0\" class=\"so-panel widget widget_image-slider panel-first-child\" data-index=\"0\" ><div\n\t\t\t\n\t\t\tclass=\"so-widget-image-slider so-widget-image-slider-image-slider-style-d75171398898\"\n\t\t\t\n\t\t>\n<div class=\"slick-slider slick-carousel \" data-slickSlides=\"1\" data-slickScroll=\"1\" data-slickArrows=\"true\" data-slickDots=\"true\">\n\n  \n  <div class=\"slide\">\n    <div class=\"slide-image position-center\" style=\"background-image: url(https:\/\/compassion.ch\/wp-content\/uploads\/2017\/04\/1605UG-Sponsor-055.jpg);\"><\/div>\n    <div class=\"slide-content-wrapper\">\n      <div class=\"slide-content\">\n              <\/div>\n    <\/div>\n  <\/div>\n\n  \n<\/div>\n<\/div><\/div><div id=\"panel-w5ae2eb1a040a6-0-1-1\" class=\"so-panel widget widget_sow-editor panel-last-child\" data-index=\"1\" ><div\n\t\t\t\n\t\t\tclass=\"so-widget-sow-editor so-widget-sow-editor-base\"\n\t\t\t\n\t\t>\n<div class=\"siteorigin-widget-tinymce textwidget\">\n\t<p>4000 enfants d\u00e9munis b\u00e9n\u00e9ficient d\u00e9sormais d'un parrainage \u00e0 travers l'ONG Compassion et depuis la Suisse. Compassion a franchi cette nouvelle barri\u00e8re, le 16 novembre dernier, un peu plus de cinq ans apr\u00e8s son lancement en Suisse.<\/p>\n<p>D\u00e9couvrir l'article <a href=\"http:\/\/www.evangeliques.info\/articles\/2008\/11\/24\/4000e-enfant-parraine-par-compassion-suisse-2532.html\" target=\"_blank\" rel=\"noopener\">sur le site evangeliques.info<\/a>\u00a0\u00a0<\/p>\n<p><small>Les contenus publi\u00e9s par les m\u00e9dias ne repr\u00e9sentent pas forc\u00e9ment la vision de Compassion. Il est possible que le lien de cet article ne fonctionne plus, si le m\u00e9dia a d\u00e9cider de le retirer des articles disponibles.<\/small><\/p>\n<\/div>\n<\/div><\/div><\/div><div id=\"pgc-w5ae2eb1a040a6-0-2\"  class=\"panel-grid-cell panel-grid-cell-empty\" ><\/div><\/div><\/div><\/div><\/div><\/div><\/div><\/div><\/div><\/div><\/div><\/div><\/div><\/div>","protected":false},"excerpt":{"rendered":"<p>4000 enfants d\u00e9munis b\u00e9n\u00e9ficient d\u00e9sormais d&#8217;un parrainage \u00e0 travers l&#8217;ONG Compassion et depuis la Suisse\u2026<\/p>\n","protected":false},"author":8,"featured_media":34476,"comment_status":"open","ping_status":"open","sticky":false,"template":"","format":"standard","meta":{"give_campaign_id":0,"footnotes":""},"categories":[92],"tags":[],"class_list":["post-86404","post","type-post","status-publish","format-standard","has-post-thumbnail","hentry","category-press-it"],"_links":{"self":[{"href":"https:\/\/compassion.ch\/it\/wp-json\/wp\/v2\/posts\/86404","targetHints":{"allow":["GET"]}}],"collection":[{"href":"https:\/\/compassion.ch\/it\/wp-json\/wp\/v2\/posts"}],"about":[{"href":"https:\/\/compassion.ch\/it\/wp-json\/wp\/v2\/types\/post"}],"author":[{"embeddable":true,"href":"https:\/\/compassion.ch\/it\/wp-json\/wp\/v2\/users\/8"}],"replies":[{"embeddable":true,"href":"https:\/\/compassion.ch\/it\/wp-json\/wp\/v2\/comments?post=86404"}],"version-history":[{"count":0,"href":"https:\/\/compassion.ch\/it\/wp-json\/wp\/v2\/posts\/86404\/revisions"}],"wp:featuredmedia":[{"embeddable":true,"href":"https:\/\/compassion.ch\/it\/wp-json\/wp\/v2\/media\/34476"}],"wp:attachment":[{"href":"https:\/\/compassion.ch\/it\/wp-json\/wp\/v2\/media?parent=86404"}],"wp:term":[{"taxonomy":"category","embeddable":true,"href":"https:\/\/compassion.ch\/it\/wp-json\/wp\/v2\/categories?post=86404"},{"taxonomy":"post_tag","embeddable":true,"href":"https:\/\/compassion.ch\/it\/wp-json\/wp\/v2\/tags?post=86404"}],"curies":[{"name":"wp","href":"https:\/\/api.w.org\/{rel}","templated":true}]}}