{"id":578971,"date":"2026-05-01T16:05:55","date_gmt":"2026-05-01T14:05:55","guid":{"rendered":"https:\/\/compassion.ch\/?p=578971"},"modified":"2026-05-01T16:05:55","modified_gmt":"2026-05-01T14:05:55","slug":"un-caffe-che-fa-la-differenza","status":"publish","type":"post","link":"https:\/\/compassion.ch\/it\/un-caffe-che-fa-la-differenza\/","title":{"rendered":"Un caff\u00e8 che fa la differenza \u2013 collaborazione tra Etiopia e Svizzera"},"content":{"rendered":"\t\t<div data-elementor-type=\"wp-post\" data-elementor-id=\"578971\" class=\"elementor elementor-578971 elementor-578965\" data-elementor-post-type=\"post\">\n\t\t\t\t<div class=\"elementor-element elementor-element-8c6ed68 e-flex e-con-boxed e-con e-parent\" data-id=\"8c6ed68\" data-element_type=\"container\" data-e-type=\"container\" data-settings=\"{&quot;background_background&quot;:&quot;classic&quot;}\">\n\t\t\t\t\t<div class=\"e-con-inner\">\n\t\t<div class=\"elementor-element elementor-element-fc38ecd e-con-full e-flex e-con e-child\" data-id=\"fc38ecd\" data-element_type=\"container\" data-e-type=\"container\">\n\t\t\t\t<div class=\"elementor-element elementor-element-ce108b7 title elementor-widget elementor-widget-heading\" data-id=\"ce108b7\" data-element_type=\"widget\" data-e-type=\"widget\" data-widget_type=\"heading.default\">\n\t\t\t\t<div class=\"elementor-widget-container\">\n\t\t\t\t\t<h1 class=\"elementor-heading-title elementor-size-large\">Un caff\u00e8 che fa la differenza \u2013 collaborazione tra Etiopia e Svizzera<\/h1>\t\t\t\t<\/div>\n\t\t\t\t<\/div>\n\t\t\t\t<div class=\"elementor-element elementor-element-3f49163 elementor-widget elementor-widget-text-editor\" data-id=\"3f49163\" data-element_type=\"widget\" data-e-type=\"widget\" data-widget_type=\"text-editor.default\">\n\t\t\t\t<div class=\"elementor-widget-container\">\n\t\t\t\t\t\t\t\t\t<p><strong>Come nasce un caff\u00e8 che ha un impatto sociale? Lea e Michael, di MILEAM COFFEE ROASTERS, raccontano come, in collaborazione con Kemi Mesafint in Etiopia, hanno sviluppato il \u201cKemi-Kaffee\u201d, un progetto che unisce il piacere del gusto e l\u2019impatto sostenibile.<\/strong><\/p>\t\t\t\t\t\t\t\t<\/div>\n\t\t\t\t<\/div>\n\t\t\t\t<\/div>\n\t\t\t\t\t<\/div>\n\t\t\t\t<\/div>\n\t\t<div class=\"elementor-element elementor-element-9806af1 e-flex e-con-boxed e-con e-parent\" data-id=\"9806af1\" data-element_type=\"container\" data-e-type=\"container\">\n\t\t\t\t\t<div class=\"e-con-inner\">\n\t\t<div class=\"elementor-element elementor-element-ac0a519 e-con-full e-flex e-con e-child\" data-id=\"ac0a519\" data-element_type=\"container\" data-e-type=\"container\">\n\t\t\t\t<div class=\"elementor-element elementor-element-0881b1e elementor-widget elementor-widget-image\" data-id=\"0881b1e\" data-element_type=\"widget\" data-e-type=\"widget\" data-widget_type=\"image.default\">\n\t\t\t\t<div class=\"elementor-widget-container\">\n\t\t\t\t\t\t\t\t\t\t\t\t\t\t\t<img fetchpriority=\"high\" decoding=\"async\" width=\"1200\" height=\"800\" src=\"https:\/\/compassion.ch\/wp-content\/uploads\/2026\/04\/PXL_20251228_095216840-1.jpg\" class=\"attachment-full size-full wp-image-579167\" alt=\"Un caf\u00e9 qui fait la diff\u00e9rence, partenariat entre la suisse et l&#039;Ethiopie\" srcset=\"https:\/\/compassion.ch\/wp-content\/uploads\/2026\/04\/PXL_20251228_095216840-1.jpg 1200w, https:\/\/compassion.ch\/wp-content\/uploads\/2026\/04\/PXL_20251228_095216840-1-300x200.jpg 300w, https:\/\/compassion.ch\/wp-content\/uploads\/2026\/04\/PXL_20251228_095216840-1-1024x683.jpg 1024w, https:\/\/compassion.ch\/wp-content\/uploads\/2026\/04\/PXL_20251228_095216840-1-768x512.jpg 768w, https:\/\/compassion.ch\/wp-content\/uploads\/2026\/04\/PXL_20251228_095216840-1-600x400.jpg 600w, https:\/\/compassion.ch\/wp-content\/uploads\/2026\/04\/PXL_20251228_095216840-1-272x182.jpg 272w\" sizes=\"(max-width: 1200px) 100vw, 1200px\" \/>\t\t\t\t\t\t\t\t\t\t\t\t\t\t\t<\/div>\n\t\t\t\t<\/div>\n\t\t\t\t<div class=\"elementor-element elementor-element-cf282e8 elementor-icon-list--layout-traditional elementor-list-item-link-full_width elementor-widget elementor-widget-icon-list\" data-id=\"cf282e8\" data-element_type=\"widget\" data-e-type=\"widget\" data-widget_type=\"icon-list.default\">\n\t\t\t\t<div class=\"elementor-widget-container\">\n\t\t\t\t\t\t\t<ul class=\"elementor-icon-list-items\">\n\t\t\t\t\t\t\t<li class=\"elementor-icon-list-item\">\n\t\t\t\t\t\t\t\t\t\t\t<span class=\"elementor-icon-list-icon\">\n\t\t\t\t\t\t\t<i aria-hidden=\"true\" class=\"fas fa-camera\"><\/i>\t\t\t\t\t\t<\/span>\n\t\t\t\t\t\t\t\t\t\t<span class=\"elementor-icon-list-text\">Lea, Michael e Kemi, partner di questo progetto<\/span>\n\t\t\t\t\t\t\t\t\t<\/li>\n\t\t\t\t\t\t<\/ul>\n\t\t\t\t\t\t<\/div>\n\t\t\t\t<\/div>\n\t\t\t\t<\/div>\n\t\t\t\t\t<\/div>\n\t\t\t\t<\/div>\n\t\t<div class=\"elementor-element elementor-element-d53f401 e-flex e-con-boxed e-con e-parent\" data-id=\"d53f401\" data-element_type=\"container\" data-e-type=\"container\">\n\t\t\t\t\t<div class=\"e-con-inner\">\n\t\t<div class=\"elementor-element elementor-element-0ec1f55 e-con-full e-flex e-con e-child\" data-id=\"0ec1f55\" data-element_type=\"container\" data-e-type=\"container\">\n\t\t\t\t<div class=\"elementor-element elementor-element-137063b elementor-widget-divider--view-line elementor-widget elementor-widget-divider\" data-id=\"137063b\" data-element_type=\"widget\" data-e-type=\"widget\" data-widget_type=\"divider.default\">\n\t\t\t\t<div class=\"elementor-widget-container\">\n\t\t\t\t\t\t\t<div class=\"elementor-divider\">\n\t\t\t<span class=\"elementor-divider-separator\">\n\t\t\t\t\t\t<\/span>\n\t\t<\/div>\n\t\t\t\t\t\t<\/div>\n\t\t\t\t<\/div>\n\t\t\t\t<div class=\"elementor-element elementor-element-3fa74a5 elementor-toc--content-ellipsis elementor-widget elementor-widget-table-of-contents\" data-id=\"3fa74a5\" data-element_type=\"widget\" data-e-type=\"widget\" data-settings=\"{&quot;headings_by_tags&quot;:[&quot;h2&quot;],&quot;exclude_headings_by_selector&quot;:[],&quot;marker_view&quot;:&quot;bullets&quot;,&quot;icon&quot;:{&quot;value&quot;:&quot;&quot;,&quot;library&quot;:&quot;&quot;},&quot;no_headings_message&quot;:&quot;Aucun titre n\\u2019a \\u00e9t\\u00e9 trouv\\u00e9 sur cette page.&quot;,&quot;min_height&quot;:{&quot;unit&quot;:&quot;px&quot;,&quot;size&quot;:&quot;&quot;,&quot;sizes&quot;:[]},&quot;min_height_laptop&quot;:{&quot;unit&quot;:&quot;px&quot;,&quot;size&quot;:&quot;&quot;,&quot;sizes&quot;:[]},&quot;min_height_tablet&quot;:{&quot;unit&quot;:&quot;px&quot;,&quot;size&quot;:&quot;&quot;,&quot;sizes&quot;:[]},&quot;min_height_mobile&quot;:{&quot;unit&quot;:&quot;px&quot;,&quot;size&quot;:&quot;&quot;,&quot;sizes&quot;:[]}}\" data-widget_type=\"table-of-contents.default\">\n\t\t\t\t<div class=\"elementor-widget-container\">\n\t\t\t\t\t\t\t\t\t<div class=\"elementor-toc__header\">\n\t\t\t\t\t\t<h4 class=\"elementor-toc__header-title\">\n\t\t\t\tContenuto dell'articolo\t\t\t<\/h4>\n\t\t\t\t\t\t\t\t<\/div>\n\t\t\t\t<div id=\"elementor-toc__3fa74a5\" class=\"elementor-toc__body\">\n\t\t\t<div class=\"elementor-toc__spinner-container\">\n\t\t\t\t<i class=\"elementor-toc__spinner eicon-animation-spin eicon-loading\" aria-hidden=\"true\"><\/i>\t\t\t<\/div>\n\t\t<\/div>\n\t\t\t\t\t\t<\/div>\n\t\t\t\t<\/div>\n\t\t\t\t<div class=\"elementor-element elementor-element-bb375be elementor-widget-divider--view-line elementor-widget elementor-widget-divider\" data-id=\"bb375be\" data-element_type=\"widget\" data-e-type=\"widget\" data-widget_type=\"divider.default\">\n\t\t\t\t<div class=\"elementor-widget-container\">\n\t\t\t\t\t\t\t<div class=\"elementor-divider\">\n\t\t\t<span class=\"elementor-divider-separator\">\n\t\t\t\t\t\t<\/span>\n\t\t<\/div>\n\t\t\t\t\t\t<\/div>\n\t\t\t\t<\/div>\n\t\t\t\t<div class=\"elementor-element elementor-element-28c2e6f elementor-widget elementor-widget-text-editor\" data-id=\"28c2e6f\" data-element_type=\"widget\" data-e-type=\"widget\" data-widget_type=\"text-editor.default\">\n\t\t\t\t<div class=\"elementor-widget-container\">\n\t\t\t\t\t\t\t\t\t<p><span style=\"font-weight: 400;\">Lea e Michael Krakowski hanno una passione: il caff\u00e8. Nel 2024 hanno avviato la propria torrefazione nella Svizzera orientale: <a href=\"https:\/\/mileam.ch\" target=\"_blank\" rel=\"noopener\">MILEAM COFFEE ROASTERS<\/a>. Gi\u00e0 oggi, per ogni chilo di caff\u00e8 venduto, devolvono 1 franco a organizzazioni umanitarie per l\u2019infanzia, come Compassion. Ma Lea e Michael non volevano limitarsi alle donazioni: desideravano contribuire concretamente all\u2019economia dei Paesi di produzione.<\/span><\/p><p><span style=\"font-weight: 400;\">In questa intervista, Lea, Michael e Kemi condividono la loro passione per il caff\u00e8 e la storia che si cela dietro questo progetto comune.<\/span><\/p>\t\t\t\t\t\t\t\t<\/div>\n\t\t\t\t<\/div>\n\t\t\t\t<div class=\"elementor-element elementor-element-c142bfa title elementor-widget elementor-widget-heading\" data-id=\"c142bfa\" data-element_type=\"widget\" data-e-type=\"widget\" data-widget_type=\"heading.default\">\n\t\t\t\t<div class=\"elementor-widget-container\">\n\t\t\t\t\t<h2 class=\"elementor-heading-title elementor-size-default\">Intervista a Lea e Michael<\/h2>\t\t\t\t<\/div>\n\t\t\t\t<\/div>\n\t\t\t\t<div class=\"elementor-element elementor-element-eed4ce2 elementor-widget elementor-widget-text-editor\" data-id=\"eed4ce2\" data-element_type=\"widget\" data-e-type=\"widget\" data-widget_type=\"text-editor.default\">\n\t\t\t\t<div class=\"elementor-widget-container\">\n\t\t\t\t\t\t\t\t\t<p><b>Lea e Michael, cosa vi appassiona di un buon caff\u00e8?<\/b><\/p><p><span style=\"font-weight: 400;\">\u00a0il caff\u00e8 non \u00e8 solo un prodotto di piacere indispensabile (almeno per Michael), ma anche un prodotto ricco di storia, artigianato e cultura. Ogni sorso pu\u00f2 raccontare storie sulla sua origine, sul clima, sul terreno e sulle persone che lo coltivano. \u00c8 proprio questa diversit\u00e0 e questa profondit\u00e0 che ci appassionano del caff\u00e8.<\/span><\/p><p><b>Come si riconosce un buon caff\u00e8 e cosa ne determina la qualit\u00e0?<\/b><\/p><p><span style=\"font-weight: 400;\">Un buon caff\u00e8 si distingue per l&#8217;alta qualit\u00e0 dei suoi chicchi, una tostatura accurata, la variet\u00e0 degli aromi, la freschezza e la scelta consapevole della provenienza. Per noi, un buon caff\u00e8 \u00e8 anche sinonimo di trasparenza nella filiera di approvvigionamento. Vogliamo sapere da dove proviene il caff\u00e8, chi lo ha coltivato e in quali condizioni.<\/span><\/p><p><b>Come \u00e8 nata l&#8217;idea del \u00abKemi Kaffee\u00bb?<\/b><\/p><p><span style=\"font-weight: 400;\">Sosteniamo un bambino tramite Compassion e vediamo in modo molto concreto come un accompagnamento mirato possa trasformare la sua vita. Questo legame personale ci ha aperto gli occhi: ci siamo resi conto che Compassion \u00e8 attiva in molti Paesi produttori di caff\u00e8. Era nostro desiderio andare oltre la semplice donazione: puntavamo a sostenere l&#8217;economia locale per garantire benefici sostenibili e duraturi ai bambini e alle loro famiglie.<\/span><\/p>\t\t\t\t\t\t\t\t<\/div>\n\t\t\t\t<\/div>\n\t\t\t\t<div class=\"elementor-element elementor-element-d45e5a1 elementor-widget elementor-widget-image\" data-id=\"d45e5a1\" data-element_type=\"widget\" data-e-type=\"widget\" data-widget_type=\"image.default\">\n\t\t\t\t<div class=\"elementor-widget-container\">\n\t\t\t\t\t\t\t\t\t\t\t\t\t\t\t<img decoding=\"async\" width=\"1200\" height=\"751\" src=\"https:\/\/compassion.ch\/wp-content\/uploads\/2026\/04\/image-3.jpg\" class=\"attachment-full size-full wp-image-579348\" alt=\"Mileam Coffee, MIchael en train de torr\u00e9fier le caf\u00e9 vendu en collaboration avec Compassion.\" srcset=\"https:\/\/compassion.ch\/wp-content\/uploads\/2026\/04\/image-3.jpg 1200w, https:\/\/compassion.ch\/wp-content\/uploads\/2026\/04\/image-3-300x188.jpg 300w, https:\/\/compassion.ch\/wp-content\/uploads\/2026\/04\/image-3-1024x641.jpg 1024w, https:\/\/compassion.ch\/wp-content\/uploads\/2026\/04\/image-3-768x481.jpg 768w\" sizes=\"(max-width: 1200px) 100vw, 1200px\" \/>\t\t\t\t\t\t\t\t\t\t\t\t\t\t\t<\/div>\n\t\t\t\t<\/div>\n\t\t\t\t<div class=\"elementor-element elementor-element-bd62f51 elementor-icon-list--layout-traditional elementor-list-item-link-full_width elementor-widget elementor-widget-icon-list\" data-id=\"bd62f51\" data-element_type=\"widget\" data-e-type=\"widget\" data-widget_type=\"icon-list.default\">\n\t\t\t\t<div class=\"elementor-widget-container\">\n\t\t\t\t\t\t\t<ul class=\"elementor-icon-list-items\">\n\t\t\t\t\t\t\t<li class=\"elementor-icon-list-item\">\n\t\t\t\t\t\t\t\t\t\t\t<span class=\"elementor-icon-list-icon\">\n\t\t\t\t\t\t\t<i aria-hidden=\"true\" class=\"fas fa-camera\"><\/i>\t\t\t\t\t\t<\/span>\n\t\t\t\t\t\t\t\t\t\t<span class=\"elementor-icon-list-text\">Michael, impegnato nella torrefazione<\/span>\n\t\t\t\t\t\t\t\t\t<\/li>\n\t\t\t\t\t\t<\/ul>\n\t\t\t\t\t\t<\/div>\n\t\t\t\t<\/div>\n\t\t\t\t<div class=\"elementor-element elementor-element-c90aba8 elementor-widget elementor-widget-text-editor\" data-id=\"c90aba8\" data-element_type=\"widget\" data-e-type=\"widget\" data-widget_type=\"text-editor.default\">\n\t\t\t\t<div class=\"elementor-widget-container\">\n\t\t\t\t\t\t\t\t\t<p><b>Perch\u00e9 creare un prodotto a vocazione sociale?<\/b><\/p><p><span style=\"font-weight: 400;\">Per noi, si tratta di fare la differenza. Il caff\u00e8 \u00e8 la ciliegina sulla torta che ci aiuta e ci motiva. Al centro di tutto questo c&#8217;\u00e8 la nostra fede in Dio che ci spinge ad assumerci le nostre responsabilit\u00e0 e a contribuire al cambiamento del mondo con i mezzi a nostra disposizione. Per noi, creare un prodotto a vocazione sociale significa vivere concretamente la nostra fede, i nostri valori e la nostra gioia, offrendo al contempo piacere e qualit\u00e0.<\/span><\/p><p><b>Come avete concretizzato questa idea con il &#8220;Kemi-Kaffee&#8221; ?<\/b><\/p><p><span style=\"font-weight: 400;\">Abbiamo chiesto dei campioni a Kemi. \u00c8 apparso subito chiaro che, sebbene il caff\u00e8 fosse interessante, non corrispondeva ancora del tutto ai nostri standard di qualit\u00e0. Durante il processo di sviluppo che ne \u00e8 seguito, siamo rimasti in contatto con Kemi e abbiamo fornito spunti per migliorarne la qualit\u00e0. Abbiamo capito che non si trattava solo di una discussione sul prodotto, ma dell\u2019inizio di una partnership alla pari basata su una visione comune.<\/span><\/p><p><b>Quale consiglio dareste ad altri imprenditori che desiderano lanciare un prodotto a vocazione sociale?<\/b><\/p><p><span style=\"font-weight: 400;\">Avere una visione chiara che vada oltre il semplice profitto \u00e8 fondamentale. L&#8217;impatto sociale non deve essere solo un\u2019idea di marketing, ma deve essere saldamente integrato nel modello di business. Allo stesso tempo, \u00e8 necessario essere pronti ad adattarsi e a crescere, imparando dagli errori. Scambiare idee con persone che la pensano allo stesso modo e avere una solida rete di contatti pu\u00f2 rivelarsi determinante.<\/span><\/p>\t\t\t\t\t\t\t\t<\/div>\n\t\t\t\t<\/div>\n\t\t\t\t<div class=\"elementor-element elementor-element-cd9e5d4 elementor-blockquote--skin-quotation elementor-blockquote--align-center elementor-widget elementor-widget-blockquote\" data-id=\"cd9e5d4\" data-element_type=\"widget\" data-e-type=\"widget\" data-widget_type=\"blockquote.default\">\n\t\t\t\t<div class=\"elementor-widget-container\">\n\t\t\t\t\t\t\t<blockquote class=\"elementor-blockquote\">\n\t\t\t<p class=\"elementor-blockquote__content\">\n\t\t\t\t \u00abVogliamo avere un impatto che vada oltre il presente. Anche le azioni pi\u00f9 piccole, se intraprese con fiducia, possono cambiare delle vite, rafforzare le comunit\u00e0 e infondere speranza\u00bb.\t\t\t<\/p>\n\t\t\t\t\t\t\t<div class=\"e-q-footer\">\n\t\t\t\t\t\t\t\t\t\t\t<cite class=\"elementor-blockquote__author\">Lea e Michael<\/cite>\n\t\t\t\t\t\t\t\t\t\t\t\t\t\t<\/div>\n\t\t\t\t\t<\/blockquote>\n\t\t\t\t\t\t<\/div>\n\t\t\t\t<\/div>\n\t\t\t\t<div class=\"elementor-element elementor-element-5abfaaf title elementor-widget elementor-widget-heading\" data-id=\"5abfaaf\" data-element_type=\"widget\" data-e-type=\"widget\" data-widget_type=\"heading.default\">\n\t\t\t\t<div class=\"elementor-widget-container\">\n\t\t\t\t\t<h2 class=\"elementor-heading-title elementor-size-default\">Kemi risponde ad alcune domande<\/h2>\t\t\t\t<\/div>\n\t\t\t\t<\/div>\n\t\t\t\t<div class=\"elementor-element elementor-element-0feb915 elementor-widget elementor-widget-text-editor\" data-id=\"0feb915\" data-element_type=\"widget\" data-e-type=\"widget\" data-widget_type=\"text-editor.default\">\n\t\t\t\t<div class=\"elementor-widget-container\">\n\t\t\t\t\t\t\t\t\t<p><b>Kemi, perch\u00e9 hai deciso di avviare un&#8217;azienda di caff\u00e8?<\/b><\/p><p><span style=\"font-weight: 400;\">In Etiopia, il caff\u00e8 non \u00e8 solo una bevanda, ma un simbolo di legame, dialogo e dignit\u00e0. Ho capito che ogni tazza di caff\u00e8 poteva diventare una piattaforma, non solo per fare affari, ma anche per avere un impatto concreto. Questa azienda \u00e8 il mio modo per dire: la tua storia non finisce dove \u00e8 iniziata. Proprio come i chicchi di caff\u00e8 vengono sublimati dal fuoco, anche noi possiamo trasformarci e realizzarci con un nuovo scopo.<\/span><\/p><p><b>Cosa rende il caff\u00e8 etiope cos\u00ec speciale?<\/b><\/p><p><span style=\"font-weight: 400;\">Il caff\u00e8 etiope \u00e8 unico perch\u00e9 racchiude in s\u00e9 un&#8217;identit\u00e0, una storia e un&#8217;anima. A renderlo davvero speciale ai miei occhi \u00e8 tutto ci\u00f2 che si cela dietro di esso: le coltivatrici e i coltivatori, le famiglie e le storie racchiuse in ogni chicco. Chi beve caff\u00e8 etiope non scopre solo un aroma eccezionale, ma ne assapora anche le origini e la speranza di chi lo ha prodotto. <\/span><\/p><p><b>Quali sono i tuoi progetti per il futuro del marchio?<\/b><\/p><p><span style=\"font-weight: 400;\">Vedo questo marchio come un movimento che d\u00e0 forza ai giovani e apre loro nuove prospettive. Desidero offrire ai giovani l&#8217;opportunit\u00e0 di acquisire competenze, generare un reddito e prendere coscienza del proprio valore. Per questo motivo, una parte dei profitti sar\u00e0 reinvestita direttamente in programmi di sostegno ai giovani. Desidero inoltre creare luoghi in cui il caff\u00e8 e il mentoring si incontrino. Un altro obiettivo \u00e8 quello di coinvolgere attivamente i giovani in ogni aspetto, dall&#8217;acquisto all&#8217;immagine del marchio, affinch\u00e9 diventino protagonisti di questo successo.<\/span><\/p>\t\t\t\t\t\t\t\t<\/div>\n\t\t\t\t<\/div>\n\t\t\t\t<div class=\"elementor-element elementor-element-c7bcd5d elementor-widget elementor-widget-text-editor\" data-id=\"c7bcd5d\" data-element_type=\"widget\" data-e-type=\"widget\" data-widget_type=\"text-editor.default\">\n\t\t\t\t<div class=\"elementor-widget-container\">\n\t\t\t\t\t\t\t\t\t<p><strong>Rimani aggiornato sui prossimi sviluppi del caff\u00e8 Kemi e dei prodotti di \u00a0<a href=\"https:\/\/mileam.ch\" target=\"_blank\" rel=\"noopener\">MILEAM COFFEE ROASTERS<\/a>\u00a0<\/strong><\/p>\t\t\t\t\t\t\t\t<\/div>\n\t\t\t\t<\/div>\n\t\t\t\t<\/div>\n\t\t\t\t\t<\/div>\n\t\t\t\t<\/div>\n\t\t<div class=\"elementor-element elementor-element-900d6c5 e-flex e-con-boxed e-con e-parent\" data-id=\"900d6c5\" data-element_type=\"container\" data-e-type=\"container\">\n\t\t\t\t\t<div class=\"e-con-inner\">\n\t\t<div class=\"elementor-element elementor-element-b0bccd9 e-con-full e-flex e-con e-child\" data-id=\"b0bccd9\" data-element_type=\"container\" data-e-type=\"container\">\n\t\t\t\t<div class=\"elementor-element elementor-element-1ab2db7 elementor-widget elementor-widget-post-info\" data-id=\"1ab2db7\" data-element_type=\"widget\" data-e-type=\"widget\" data-widget_type=\"post-info.default\">\n\t\t\t\t<div class=\"elementor-widget-container\">\n\t\t\t\t\t\t\t<ul class=\"elementor-inline-items elementor-icon-list-items elementor-post-info\">\n\t\t\t\t\t\t\t\t<li class=\"elementor-icon-list-item elementor-repeater-item-bf4459a elementor-inline-item\" itemprop=\"datePublished\">\n\t\t\t\t\t\t\t\t\t\t<span class=\"elementor-icon-list-icon\">\n\t\t\t\t\t\t\t\t<i aria-hidden=\"true\" class=\"fas fa-calendar\"><\/i>\t\t\t\t\t\t\t<\/span>\n\t\t\t\t\t\t\t\t\t<span class=\"elementor-icon-list-text elementor-post-info__item elementor-post-info__item--type-date\">\n\t\t\t\t\t\t\t\t\t\t<time>1 Maggio 2026<\/time>\t\t\t\t\t<\/span>\n\t\t\t\t\t\t\t\t<\/li>\n\t\t\t\t<li class=\"elementor-icon-list-item elementor-repeater-item-c2473fa elementor-inline-item\">\n\t\t\t\t\t\t\t\t\t\t<span class=\"elementor-icon-list-icon\">\n\t\t\t\t\t\t\t\t<i aria-hidden=\"true\" class=\"fas fa-camera\"><\/i>\t\t\t\t\t\t\t<\/span>\n\t\t\t\t\t\t\t\t\t<span class=\"elementor-icon-list-text elementor-post-info__item elementor-post-info__item--type-custom\">\n\t\t\t\t\t\t\t\t\t\tMonika B\u00e4rtschi e Debora Alder-Gasser\t\t\t\t\t<\/span>\n\t\t\t\t\t\t\t\t<\/li>\n\t\t\t\t<\/ul>\n\t\t\t\t\t\t<\/div>\n\t\t\t\t<\/div>\n\t\t\t\t<div class=\"elementor-element elementor-element-998b62a elementor-share-buttons--view-icon elementor-share-buttons--skin-framed elementor-share-buttons--shape-square elementor-grid-0 elementor-share-buttons--color-official elementor-widget elementor-widget-share-buttons\" data-id=\"998b62a\" data-element_type=\"widget\" data-e-type=\"widget\" data-widget_type=\"share-buttons.default\">\n\t\t\t\t<div class=\"elementor-widget-container\">\n\t\t\t\t\t\t\t<div class=\"elementor-grid\" role=\"list\">\n\t\t\t\t\t\t\t\t<div class=\"elementor-grid-item\" role=\"listitem\">\n\t\t\t\t\t\t<div class=\"elementor-share-btn elementor-share-btn_facebook\" role=\"button\" tabindex=\"0\" aria-label=\"Condividi su facebook\">\n\t\t\t\t\t\t\t\t\t\t\t\t\t\t\t<span class=\"elementor-share-btn__icon\">\n\t\t\t\t\t\t\t\t<i class=\"fab fa-facebook\" aria-hidden=\"true\"><\/i>\t\t\t\t\t\t\t<\/span>\n\t\t\t\t\t\t\t\t\t\t\t\t\t\t\t\t\t\t\t\t<\/div>\n\t\t\t\t\t<\/div>\n\t\t\t\t\t\t\t\t\t<div class=\"elementor-grid-item\" role=\"listitem\">\n\t\t\t\t\t\t<div class=\"elementor-share-btn elementor-share-btn_twitter\" role=\"button\" tabindex=\"0\" aria-label=\"Condividi su twitter\">\n\t\t\t\t\t\t\t\t\t\t\t\t\t\t\t<span class=\"elementor-share-btn__icon\">\n\t\t\t\t\t\t\t\t<i class=\"fab fa-twitter\" aria-hidden=\"true\"><\/i>\t\t\t\t\t\t\t<\/span>\n\t\t\t\t\t\t\t\t\t\t\t\t\t\t\t\t\t\t\t\t<\/div>\n\t\t\t\t\t<\/div>\n\t\t\t\t\t\t\t\t\t<div class=\"elementor-grid-item\" role=\"listitem\">\n\t\t\t\t\t\t<div class=\"elementor-share-btn elementor-share-btn_linkedin\" role=\"button\" tabindex=\"0\" aria-label=\"Condividi su linkedin\">\n\t\t\t\t\t\t\t\t\t\t\t\t\t\t\t<span class=\"elementor-share-btn__icon\">\n\t\t\t\t\t\t\t\t<i class=\"fab fa-linkedin\" aria-hidden=\"true\"><\/i>\t\t\t\t\t\t\t<\/span>\n\t\t\t\t\t\t\t\t\t\t\t\t\t\t\t\t\t\t\t\t<\/div>\n\t\t\t\t\t<\/div>\n\t\t\t\t\t\t\t\t\t<div class=\"elementor-grid-item\" role=\"listitem\">\n\t\t\t\t\t\t<div class=\"elementor-share-btn elementor-share-btn_whatsapp\" role=\"button\" tabindex=\"0\" aria-label=\"Condividi su whatsapp\">\n\t\t\t\t\t\t\t\t\t\t\t\t\t\t\t<span class=\"elementor-share-btn__icon\">\n\t\t\t\t\t\t\t\t<i class=\"fab fa-whatsapp\" aria-hidden=\"true\"><\/i>\t\t\t\t\t\t\t<\/span>\n\t\t\t\t\t\t\t\t\t\t\t\t\t\t\t\t\t\t\t\t<\/div>\n\t\t\t\t\t<\/div>\n\t\t\t\t\t\t\t\t\t<div class=\"elementor-grid-item\" role=\"listitem\">\n\t\t\t\t\t\t<div class=\"elementor-share-btn elementor-share-btn_email\" role=\"button\" tabindex=\"0\" aria-label=\"Condividi su email\">\n\t\t\t\t\t\t\t\t\t\t\t\t\t\t\t<span class=\"elementor-share-btn__icon\">\n\t\t\t\t\t\t\t\t<i class=\"fas fa-envelope\" aria-hidden=\"true\"><\/i>\t\t\t\t\t\t\t<\/span>\n\t\t\t\t\t\t\t\t\t\t\t\t\t\t\t\t\t\t\t\t<\/div>\n\t\t\t\t\t<\/div>\n\t\t\t\t\t\t<\/div>\n\t\t\t\t\t\t<\/div>\n\t\t\t\t<\/div>\n\t\t\t\t<\/div>\n\t\t\t\t\t<\/div>\n\t\t\t\t<\/div>\n\t\t<div class=\"elementor-element elementor-element-451b8f02 e-flex e-con-boxed e-con e-parent\" data-id=\"451b8f02\" data-element_type=\"container\" data-e-type=\"container\" data-settings=\"{&quot;background_background&quot;:&quot;classic&quot;}\">\n\t\t\t\t\t<div class=\"e-con-inner\">\n\t\t<div class=\"elementor-element elementor-element-4d6e2519 e-con-full e-flex e-con e-child\" data-id=\"4d6e2519\" data-element_type=\"container\" data-e-type=\"container\">\n\t\t\t\t<div class=\"elementor-element elementor-element-1cbcf513 elementor-widget elementor-widget-heading\" data-id=\"1cbcf513\" data-element_type=\"widget\" data-e-type=\"widget\" data-widget_type=\"heading.default\">\n\t\t\t\t<div class=\"elementor-widget-container\">\n\t\t\t\t\t<h5 class=\"elementor-heading-title elementor-size-default\">Pi\u00f9 notizie da Compassion<\/h5>\t\t\t\t<\/div>\n\t\t\t\t<\/div>\n\t\t\t\t<\/div>\n\t\t\t\t\t<\/div>\n\t\t\t\t<\/div>\n\t\t\t\t<\/div>\n\t\t","protected":false},"excerpt":{"rendered":"<p>Lea e Michael Krakowski hanno avviato la propria torrefazione. Il loro obiettivo \u00e8 dare un contributo concreto all&#8217;economia dei Paesi del Sud.<\/p>\n","protected":false},"author":8,"featured_media":579167,"comment_status":"closed","ping_status":"open","sticky":false,"template":"elementor_header_footer","format":"standard","meta":{"give_campaign_id":0,"footnotes":""},"categories":[34,76],"tags":[],"class_list":["post-578971","post","type-post","status-publish","format-standard","has-post-thumbnail","hentry","category-non-categorizzato","category-histoires-it"],"_links":{"self":[{"href":"https:\/\/compassion.ch\/it\/wp-json\/wp\/v2\/posts\/578971","targetHints":{"allow":["GET"]}}],"collection":[{"href":"https:\/\/compassion.ch\/it\/wp-json\/wp\/v2\/posts"}],"about":[{"href":"https:\/\/compassion.ch\/it\/wp-json\/wp\/v2\/types\/post"}],"author":[{"embeddable":true,"href":"https:\/\/compassion.ch\/it\/wp-json\/wp\/v2\/users\/8"}],"replies":[{"embeddable":true,"href":"https:\/\/compassion.ch\/it\/wp-json\/wp\/v2\/comments?post=578971"}],"version-history":[{"count":19,"href":"https:\/\/compassion.ch\/it\/wp-json\/wp\/v2\/posts\/578971\/revisions"}],"predecessor-version":[{"id":579367,"href":"https:\/\/compassion.ch\/it\/wp-json\/wp\/v2\/posts\/578971\/revisions\/579367"}],"wp:featuredmedia":[{"embeddable":true,"href":"https:\/\/compassion.ch\/it\/wp-json\/wp\/v2\/media\/579167"}],"wp:attachment":[{"href":"https:\/\/compassion.ch\/it\/wp-json\/wp\/v2\/media?parent=578971"}],"wp:term":[{"taxonomy":"category","embeddable":true,"href":"https:\/\/compassion.ch\/it\/wp-json\/wp\/v2\/categories?post=578971"},{"taxonomy":"post_tag","embeddable":true,"href":"https:\/\/compassion.ch\/it\/wp-json\/wp\/v2\/tags?post=578971"}],"curies":[{"name":"wp","href":"https:\/\/api.w.org\/{rel}","templated":true}]}}