{"id":410406,"date":"2022-11-16T10:44:58","date_gmt":"2022-11-16T09:44:58","guid":{"rendered":"https:\/\/compassion.ch\/?p=410406"},"modified":"2022-11-16T10:46:18","modified_gmt":"2022-11-16T09:46:18","slug":"aldo-e-gabriella-pogliani-dal-ticino-a-roma-pedalando-per-compassion","status":"publish","type":"post","link":"https:\/\/compassion.ch\/it\/aldo-e-gabriella-pogliani-dal-ticino-a-roma-pedalando-per-compassion\/","title":{"rendered":"Aldo e Gabriella Pogliani, dal Ticino a Roma pedalando per \u00abCompassion\u00bb"},"content":{"rendered":"<div id=\"pl-410406\"  class=\"panel-layout\" ><div class=\"row section_row\"><div id=\"pg-410406-0\"  class=\"panel-grid panel-no-style\" ><div id=\"pgc-410406-0-0\"  class=\"panel-grid-cell\" ><div id=\"panel-410406-0-0-0\" class=\"so-panel widget widget_image-slider panel-first-child\" data-index=\"0\" ><div\n\t\t\t\n\t\t\tclass=\"so-widget-image-slider so-widget-image-slider-image-slider-style-d75171398898-410406\"\n\t\t\t\n\t\t>\n<div class=\"slick-slider slick-carousel \" data-slickSlides=\"1\" data-slickScroll=\"1\" data-slickArrows=\"true\" data-slickDots=\"true\">\n\n  \n  <div class=\"slide\">\n    <div class=\"slide-image position-center\" style=\"background-image: url(https:\/\/compassion.ch\/wp-content\/uploads\/2022\/11\/Pogliani.jpg);\"><\/div>\n    <div class=\"slide-content-wrapper\">\n      <div class=\"slide-content\">\n              <\/div>\n    <\/div>\n  <\/div>\n\n  \n<\/div>\n<\/div><\/div><div id=\"panel-410406-0-0-1\" class=\"so-panel widget widget_siteorigin-panels-builder panel-last-child\" data-index=\"1\" ><div id=\"pl-w6374b0f9658ae\"  class=\"panel-layout\" ><div class=\"row section_row\"><div id=\"pg-w6374b0f9658ae-0\"  class=\"panel-grid panel-no-style\" ><div id=\"pgc-w6374b0f9658ae-0-0\"  class=\"panel-grid-cell\" ><div id=\"panel-w6374b0f9658ae-0-0-0\" class=\"so-panel widget widget_siteorigin-panels-builder panel-first-child panel-last-child\" data-index=\"0\" ><div id=\"pl-w6374b0f9658b4\"  class=\"panel-layout\" ><div class=\"row section_row\"><div id=\"pg-w6374b0f9658b4-0\"  class=\"panel-grid panel-no-style\" ><div id=\"pgc-w6374b0f9658b4-0-0\"  class=\"panel-grid-cell panel-grid-cell-empty\" ><\/div><div id=\"pgc-w6374b0f9658b4-0-1\"  class=\"panel-grid-cell panel-grid-cell-mobile-last\" ><div id=\"panel-w6374b0f9658b4-0-1-0\" class=\"so-panel widget widget_sow-editor panel-first-child panel-last-child\" data-index=\"0\" ><div\n\t\t\t\n\t\t\tclass=\"so-widget-sow-editor so-widget-sow-editor-base\"\n\t\t\t\n\t\t>\n<div class=\"siteorigin-widget-tinymce textwidget\">\n\t<p>1'065 i chilometri in tutto percorsi, per 11 giorni suddivisi in altrettante 11 tappe, lo scorso settembre. Ma i fondi raccolti, tramite un contagioso passaparola diffusosi ancora prima che i due coraggiosi benefattori mettessero mano ai loro manubri, hanno superato inaspettatamente la soglia prevista.<\/p>\n<p>Leggi tutto su<a href=\"https:\/\/www.catt.ch\/newsi\/aldo-e-gabriella-pogliani-dal-ticino-a-roma-pedalando-per-compassion\/\" target=\"_blank\" rel=\"noopener\"> catt.ch<\/a><\/p>\n<p><small>I contenuti pubblicati dai media non riflettono necessariamente la visione di Compassion. Se i link non funzionano pi\u00f9, l'articolo \u00e8 gi\u00e0 stato rimosso dai media.<\/small><\/p>\n<\/div>\n<\/div><\/div><\/div><div id=\"pgc-w6374b0f9658b4-0-2\"  class=\"panel-grid-cell panel-grid-cell-empty\" ><\/div><\/div><\/div><\/div><\/div><\/div><\/div><\/div><\/div><\/div><\/div><\/div><\/div><\/div>","protected":false},"excerpt":{"rendered":"<p>1&#8217;065 i chilometri in tutto percorsi, per 11 giorni suddivisi in altrettante 11 tappe, lo scorso settembre. <\/p>\n","protected":false},"author":8,"featured_media":410407,"comment_status":"open","ping_status":"open","sticky":false,"template":"","format":"standard","meta":{"give_campaign_id":0,"footnotes":""},"categories":[92],"tags":[138,139],"class_list":["post-410406","post","type-post","status-publish","format-standard","has-post-thumbnail","hentry","category-press-it","tag-lifechannel-it","tag-radio-it"],"_links":{"self":[{"href":"https:\/\/compassion.ch\/it\/wp-json\/wp\/v2\/posts\/410406","targetHints":{"allow":["GET"]}}],"collection":[{"href":"https:\/\/compassion.ch\/it\/wp-json\/wp\/v2\/posts"}],"about":[{"href":"https:\/\/compassion.ch\/it\/wp-json\/wp\/v2\/types\/post"}],"author":[{"embeddable":true,"href":"https:\/\/compassion.ch\/it\/wp-json\/wp\/v2\/users\/8"}],"replies":[{"embeddable":true,"href":"https:\/\/compassion.ch\/it\/wp-json\/wp\/v2\/comments?post=410406"}],"version-history":[{"count":0,"href":"https:\/\/compassion.ch\/it\/wp-json\/wp\/v2\/posts\/410406\/revisions"}],"wp:featuredmedia":[{"embeddable":true,"href":"https:\/\/compassion.ch\/it\/wp-json\/wp\/v2\/media\/410407"}],"wp:attachment":[{"href":"https:\/\/compassion.ch\/it\/wp-json\/wp\/v2\/media?parent=410406"}],"wp:term":[{"taxonomy":"category","embeddable":true,"href":"https:\/\/compassion.ch\/it\/wp-json\/wp\/v2\/categories?post=410406"},{"taxonomy":"post_tag","embeddable":true,"href":"https:\/\/compassion.ch\/it\/wp-json\/wp\/v2\/tags?post=410406"}],"curies":[{"name":"wp","href":"https:\/\/api.w.org\/{rel}","templated":true}]}}