{"id":383708,"date":"2022-05-25T09:06:18","date_gmt":"2022-05-25T07:06:18","guid":{"rendered":"https:\/\/compassion.ch\/unternehmerinnen-wollen-die-welt-mutig-gestalten\/"},"modified":"2022-05-25T09:06:18","modified_gmt":"2022-05-25T07:06:18","slug":"unternehmerinnen-wollen-die-welt-mutig-gestalten","status":"publish","type":"post","link":"https:\/\/compassion.ch\/it\/unternehmerinnen-wollen-die-welt-mutig-gestalten\/","title":{"rendered":"Unternehmerinnen wollen die Welt \u201emutig gestalten\u201c"},"content":{"rendered":"<div id=\"pl-383708\"  class=\"panel-layout\" ><div class=\"row section_row\"><div id=\"pg-383708-0\"  class=\"panel-grid panel-no-style\" ><div id=\"pgc-383708-0-0\"  class=\"panel-grid-cell\" ><div id=\"panel-383708-0-0-0\" class=\"so-panel widget widget_image-slider panel-first-child\" data-index=\"0\" ><div\n\t\t\t\n\t\t\tclass=\"so-widget-image-slider so-widget-image-slider-image-slider-style-d75171398898-383708\"\n\t\t\t\n\t\t>\n<div class=\"slick-slider slick-carousel \" data-slickSlides=\"1\" data-slickScroll=\"1\" data-slickArrows=\"true\" data-slickDots=\"true\">\n\n  \n  <div class=\"slide\">\n    <div class=\"slide-image position-center\" style=\"background-image: url(https:\/\/compassion.ch\/wp-content\/uploads\/2022\/06\/EVP-Frauentag_web.jpeg);\"><\/div>\n    <div class=\"slide-content-wrapper\">\n      <div class=\"slide-content\">\n              <\/div>\n    <\/div>\n  <\/div>\n\n  \n<\/div>\n<\/div><\/div><div id=\"panel-383708-0-0-1\" class=\"so-panel widget widget_siteorigin-panels-builder panel-last-child\" data-index=\"1\" ><div id=\"pl-w62a8336a9dbc9\"  class=\"panel-layout\" ><div class=\"row section_row\"><div id=\"pg-w62a8336a9dbc9-0\"  class=\"panel-grid panel-no-style\" ><div id=\"pgc-w62a8336a9dbc9-0-0\"  class=\"panel-grid-cell\" ><div id=\"panel-w62a8336a9dbc9-0-0-0\" class=\"so-panel widget widget_siteorigin-panels-builder panel-first-child panel-last-child\" data-index=\"0\" ><div id=\"pl-w62a8336a9dbcf\"  class=\"panel-layout\" ><div class=\"row section_row\"><div id=\"pg-w62a8336a9dbcf-0\"  class=\"panel-grid panel-no-style\" ><div id=\"pgc-w62a8336a9dbcf-0-0\"  class=\"panel-grid-cell panel-grid-cell-empty\" ><\/div><div id=\"pgc-w62a8336a9dbcf-0-1\"  class=\"panel-grid-cell panel-grid-cell-mobile-last\" ><div id=\"panel-w62a8336a9dbcf-0-1-0\" class=\"so-panel widget widget_sow-editor panel-first-child panel-last-child\" data-index=\"0\" ><div\n\t\t\t\n\t\t\tclass=\"so-widget-sow-editor so-widget-sow-editor-base\"\n\t\t\t\n\t\t>\n<div class=\"siteorigin-widget-tinymce textwidget\">\n\t<p>40 Unternehmerinnen vernetzten sich am 19. Mai in Bern und erfuhren dabei mehr zum \u00dcberlebensprogramm f\u00fcr M\u00fctter und Babys von Compassion.<\/p>\n<p>Entdecke den Artikel von<a href=\"https:\/\/www.ideaschweiz.ch\/artikel\/unternehmerinnen-wollen-die-welt-mutig-gestalten\" target=\"_blank\" rel=\"noopener\"> ideaschweiz.ch<\/a><\/p>\n<p><small>Die von den Medien ver\u00f6ffentlichten Inhalte spiegeln nicht unbedingt die Vision von Compassion wider. Wenn Links nicht mehr funktionieren, wurde der Artikel von den Medien bereits entfernt.<\/small><\/p>\n<\/div>\n<\/div><\/div><\/div><div id=\"pgc-w62a8336a9dbcf-0-2\"  class=\"panel-grid-cell panel-grid-cell-empty\" ><\/div><\/div><\/div><\/div><\/div><\/div><\/div><\/div><\/div><\/div><\/div><\/div><\/div><\/div>","protected":false},"excerpt":{"rendered":"<p>40 Unternehmerinnen vernetzten sich am 19. Mai in Bern und erfuhren dabei mehr zum \u00dcberlebensprogramm f\u00fcr M\u00fctter und Babys von Compassion.<\/p>\n","protected":false},"author":8,"featured_media":382862,"comment_status":"open","ping_status":"open","sticky":false,"template":"","format":"standard","meta":{"give_campaign_id":0,"footnotes":""},"categories":[92],"tags":[],"class_list":["post-383708","post","type-post","status-publish","format-standard","has-post-thumbnail","hentry","category-press-it"],"_links":{"self":[{"href":"https:\/\/compassion.ch\/it\/wp-json\/wp\/v2\/posts\/383708","targetHints":{"allow":["GET"]}}],"collection":[{"href":"https:\/\/compassion.ch\/it\/wp-json\/wp\/v2\/posts"}],"about":[{"href":"https:\/\/compassion.ch\/it\/wp-json\/wp\/v2\/types\/post"}],"author":[{"embeddable":true,"href":"https:\/\/compassion.ch\/it\/wp-json\/wp\/v2\/users\/8"}],"replies":[{"embeddable":true,"href":"https:\/\/compassion.ch\/it\/wp-json\/wp\/v2\/comments?post=383708"}],"version-history":[{"count":0,"href":"https:\/\/compassion.ch\/it\/wp-json\/wp\/v2\/posts\/383708\/revisions"}],"wp:featuredmedia":[{"embeddable":true,"href":"https:\/\/compassion.ch\/it\/wp-json\/wp\/v2\/media\/382862"}],"wp:attachment":[{"href":"https:\/\/compassion.ch\/it\/wp-json\/wp\/v2\/media?parent=383708"}],"wp:term":[{"taxonomy":"category","embeddable":true,"href":"https:\/\/compassion.ch\/it\/wp-json\/wp\/v2\/categories?post=383708"},{"taxonomy":"post_tag","embeddable":true,"href":"https:\/\/compassion.ch\/it\/wp-json\/wp\/v2\/tags?post=383708"}],"curies":[{"name":"wp","href":"https:\/\/api.w.org\/{rel}","templated":true}]}}