{"id":190818,"date":"2020-10-02T16:14:40","date_gmt":"2020-10-02T14:14:40","guid":{"rendered":"https:\/\/compassion.ch\/albinos-et-maltraite-remy-a-ete-parraine\/"},"modified":"2022-08-10T09:44:28","modified_gmt":"2022-08-10T07:44:28","slug":"albinos-et-maltraite-remy-a-ete-parraine","status":"publish","type":"post","link":"https:\/\/compassion.ch\/it\/albinos-et-maltraite-remy-a-ete-parraine\/","title":{"rendered":"Albinos et maltrait\u00e9, R\u00e9my a \u00e9t\u00e9 parrain\u00e9"},"content":{"rendered":"<div id=\"pl-190818\"  class=\"panel-layout\" ><div class=\"row section_row\"><div id=\"pg-190818-0\"  class=\"panel-grid panel-no-style\" ><div id=\"pgc-190818-0-0\"  class=\"panel-grid-cell\" ><div id=\"panel-190818-0-0-0\" class=\"so-panel widget widget_siteorigin-panels-builder panel-first-child panel-last-child\" data-index=\"0\" ><div id=\"pl-w62f361d971b2c\"  class=\"panel-layout\" ><div class=\"row section_row\"><div id=\"pg-w62f361d971b2c-0\"  class=\"panel-grid panel-no-style\" ><div id=\"pgc-w62f361d971b2c-0-0\"  class=\"panel-grid-cell\" ><div id=\"panel-w62f361d971b2c-0-0-0\" class=\"so-panel widget widget_siteorigin-panels-builder panel-first-child panel-last-child\" data-index=\"0\" ><div id=\"pl-w62f361d971b32\"  class=\"panel-layout\" ><div class=\"row section_row\"><div id=\"pg-w62f361d971b32-0\"  class=\"panel-grid panel-no-style\" ><div id=\"pgc-w62f361d971b32-0-0\"  class=\"panel-grid-cell panel-grid-cell-empty\" ><\/div><div id=\"pgc-w62f361d971b32-0-1\"  class=\"panel-grid-cell panel-grid-cell-mobile-last\" ><div id=\"panel-w62f361d971b32-0-1-0\" class=\"so-panel widget widget_image-slider panel-first-child\" data-index=\"0\" ><div\n\t\t\t\n\t\t\tclass=\"so-widget-image-slider so-widget-image-slider-image-slider-style-d75171398898\"\n\t\t\t\n\t\t>\n<div class=\"slick-slider slick-carousel \" data-slickSlides=\"1\" data-slickScroll=\"1\" data-slickArrows=\"true\" data-slickDots=\"true\">\n\n  \n  <div class=\"slide\">\n    <div class=\"slide-image position-center\" style=\"background-image: url(https:\/\/compassion.ch\/wp-content\/uploads\/2020\/03\/compassion_suisse_schweiz_remy_testimony.jpg);\"><\/div>\n    <div class=\"slide-content-wrapper\">\n      <div class=\"slide-content\">\n              <\/div>\n    <\/div>\n  <\/div>\n\n  \n<\/div>\n<\/div><\/div><div id=\"panel-w62f361d971b32-0-1-1\" class=\"so-panel widget widget_sow-editor panel-last-child\" data-index=\"1\" ><div\n\t\t\t\n\t\t\tclass=\"so-widget-sow-editor so-widget-sow-editor-base\"\n\t\t\t\n\t\t>\n<div class=\"siteorigin-widget-tinymce textwidget\">\n\t<p>Rejete\u0301 a\u0300 sa naissance, Re\u0301my a grandi avec les animaux dans sa famille d\u2019adoption au Rwanda. Maltraite\u0301 et mis de co\u0302te\u0301 pendant des anne\u0301es, il consacre sa vie a\u0300 l\u2019inte\u0301gration des personnes albinos dans la socie\u0301te\u0301.<\/p>\n<p>A voir sur <a href=\"https:\/\/www.christianismeaujourdhui.info\/albinos-et-maltraite-remy-a-ete-parraine\/\" target=\"_blank\" rel=\"noopener\">sur christianismeaujourdhui.info<\/a><\/p>\n<p><small>Les contenus publi\u00e9s par les m\u00e9dias ne repr\u00e9sentent pas forc\u00e9ment la vision de Compassion. Il est possible que le lien de cet article ne fonctionne plus, si le m\u00e9dia a d\u00e9cider de le retirer des articles disponibles.<\/small><\/p>\n<\/div>\n<\/div><\/div><\/div><div id=\"pgc-w62f361d971b32-0-2\"  class=\"panel-grid-cell panel-grid-cell-empty\" ><\/div><\/div><\/div><\/div><\/div><\/div><\/div><\/div><\/div><\/div><\/div><\/div><\/div><\/div>","protected":false},"excerpt":{"rendered":"<p>Rejete\u0301 a\u0300 sa naissance, Re\u0301my a grandi avec les animaux dans sa famille d\u2019adoption au Rwanda. Maltraite\u0301 et mis de co\u0302te\u0301 pendant des anne\u0301es, il consacre sa vie a\u0300 l\u2019inte\u0301gration des personnes albinos dans la socie\u0301te\u0301\u2026<\/p>\n","protected":false},"author":8,"featured_media":140481,"comment_status":"open","ping_status":"open","sticky":false,"template":"","format":"standard","meta":{"give_campaign_id":0,"footnotes":""},"categories":[92],"tags":[],"class_list":["post-190818","post","type-post","status-publish","format-standard","has-post-thumbnail","hentry","category-press-it"],"_links":{"self":[{"href":"https:\/\/compassion.ch\/it\/wp-json\/wp\/v2\/posts\/190818","targetHints":{"allow":["GET"]}}],"collection":[{"href":"https:\/\/compassion.ch\/it\/wp-json\/wp\/v2\/posts"}],"about":[{"href":"https:\/\/compassion.ch\/it\/wp-json\/wp\/v2\/types\/post"}],"author":[{"embeddable":true,"href":"https:\/\/compassion.ch\/it\/wp-json\/wp\/v2\/users\/8"}],"replies":[{"embeddable":true,"href":"https:\/\/compassion.ch\/it\/wp-json\/wp\/v2\/comments?post=190818"}],"version-history":[{"count":0,"href":"https:\/\/compassion.ch\/it\/wp-json\/wp\/v2\/posts\/190818\/revisions"}],"wp:featuredmedia":[{"embeddable":true,"href":"https:\/\/compassion.ch\/it\/wp-json\/wp\/v2\/media\/140481"}],"wp:attachment":[{"href":"https:\/\/compassion.ch\/it\/wp-json\/wp\/v2\/media?parent=190818"}],"wp:term":[{"taxonomy":"category","embeddable":true,"href":"https:\/\/compassion.ch\/it\/wp-json\/wp\/v2\/categories?post=190818"},{"taxonomy":"post_tag","embeddable":true,"href":"https:\/\/compassion.ch\/it\/wp-json\/wp\/v2\/tags?post=190818"}],"curies":[{"name":"wp","href":"https:\/\/api.w.org\/{rel}","templated":true}]}}