{"id":94054,"date":"2017-12-18T15:10:42","date_gmt":"2017-12-18T14:10:42","guid":{"rendered":"https:\/\/compassion.ch\/christian-willi-du-monde-des-medias-a-celui-de-lhumanitaire\/"},"modified":"2017-12-18T15:10:42","modified_gmt":"2017-12-18T14:10:42","slug":"christian-willi-du-monde-des-medias-a-celui-de-lhumanitaire","status":"publish","type":"post","link":"https:\/\/compassion.ch\/de\/christian-willi-du-monde-des-medias-a-celui-de-lhumanitaire\/","title":{"rendered":"Christian Willi : du monde des m\u00e9dias \u00e0 celui de l\u2019humanitaire"},"content":{"rendered":"<div id=\"pl-94054\"  class=\"panel-layout\" ><div class=\"row section_row\"><div id=\"pg-94054-0\"  class=\"panel-grid panel-no-style\" ><div id=\"pgc-94054-0-0\"  class=\"panel-grid-cell\" ><div id=\"panel-94054-0-0-0\" class=\"so-panel widget widget_siteorigin-panels-builder panel-first-child panel-last-child\" data-index=\"0\" ><div id=\"pl-w5ae9b8d308ff2\"  class=\"panel-layout\" ><div class=\"row section_row\"><div id=\"pg-w5ae9b8d308ff2-0\"  class=\"panel-grid panel-no-style\" ><div id=\"pgc-w5ae9b8d308ff2-0-0\"  class=\"panel-grid-cell\" ><div id=\"panel-w5ae9b8d308ff2-0-0-0\" class=\"so-panel widget widget_siteorigin-panels-builder panel-first-child panel-last-child\" data-index=\"0\" ><div id=\"pl-w5ae9b8d30904b\"  class=\"panel-layout\" ><div class=\"row section_row\"><div id=\"pg-w5ae9b8d30904b-0\"  class=\"panel-grid panel-no-style\" ><div id=\"pgc-w5ae9b8d30904b-0-0\"  class=\"panel-grid-cell panel-grid-cell-empty\" ><\/div><div id=\"pgc-w5ae9b8d30904b-0-1\"  class=\"panel-grid-cell panel-grid-cell-mobile-last\" ><div id=\"panel-w5ae9b8d30904b-0-1-0\" class=\"so-panel widget widget_image-slider panel-first-child\" data-index=\"0\" ><div\n\t\t\t\n\t\t\tclass=\"so-widget-image-slider so-widget-image-slider-image-slider-style-d75171398898\"\n\t\t\t\n\t\t>\n<div class=\"slick-slider slick-carousel \" data-slickSlides=\"1\" data-slickScroll=\"1\" data-slickArrows=\"true\" data-slickDots=\"true\">\n\n  \n  <div class=\"slide\">\n    <div class=\"slide-image position-center\" style=\"background-image: url(https:\/\/compassion.ch\/wp-content\/uploads\/2018\/04\/free_press_f181217.jpg);\"><\/div>\n    <div class=\"slide-content-wrapper\">\n      <div class=\"slide-content\">\n              <\/div>\n    <\/div>\n  <\/div>\n\n  \n<\/div>\n<\/div><\/div><div id=\"panel-w5ae9b8d30904b-0-1-1\" class=\"so-panel widget widget_sow-editor panel-last-child\" data-index=\"1\" ><div\n\t\t\t\n\t\t\tclass=\"so-widget-sow-editor so-widget-sow-editor-base\"\n\t\t\t\n\t\t>\n<div class=\"siteorigin-widget-tinymce textwidget\">\n\t<p><strong><br \/>\nApr\u00e8s un engagement de 27 ans dans la presse \u00e9vang\u00e9lique, Christian Willi a remis son tablier. Depuis le 1er novembre, il endosse l\u2019habit de directeur de Compassion Suisse, une ONG d\u00e9di\u00e9e \u00e0 l\u2019enfance.<\/strong><\/p>\n<p>D\u00e9couvrir l'article <a href=\"http:\/\/lafree.ch\/portrait\/christian-willi-du-monde-des-medias-a-celui-de-l-humanitaire\" target=\"_blank\" rel=\"noopener\">sur le site de la FREE <\/a><\/p>\n<p><small>Les contenus publi\u00e9s par les m\u00e9dias ne repr\u00e9sentent pas forc\u00e9ment la vision de Compassion. Il est possible que le lien de cet article ne fonctionne plus, si le m\u00e9dia a d\u00e9cider de le retirer des articles disponibles.<\/small><\/p>\n<\/div>\n<\/div><\/div><\/div><div id=\"pgc-w5ae9b8d30904b-0-2\"  class=\"panel-grid-cell panel-grid-cell-empty\" ><\/div><\/div><\/div><\/div><\/div><\/div><\/div><\/div><\/div><\/div><\/div><\/div><\/div><\/div>","protected":false},"excerpt":{"rendered":"<p>Dans ce dossier consacr\u00e9 \u00e0 la mission, la r\u00e9daction s\u2019interroge en particulier sur la place de l\u2019enfant dans l\u2019annonce de l\u2019Evangile\u2026<\/p>\n","protected":false},"author":8,"featured_media":89820,"comment_status":"open","ping_status":"open","sticky":false,"template":"","format":"standard","meta":{"give_campaign_id":0,"footnotes":""},"categories":[91],"tags":[],"class_list":["post-94054","post","type-post","status-publish","format-standard","has-post-thumbnail","hentry","category-press-de"],"_links":{"self":[{"href":"https:\/\/compassion.ch\/de\/wp-json\/wp\/v2\/posts\/94054","targetHints":{"allow":["GET"]}}],"collection":[{"href":"https:\/\/compassion.ch\/de\/wp-json\/wp\/v2\/posts"}],"about":[{"href":"https:\/\/compassion.ch\/de\/wp-json\/wp\/v2\/types\/post"}],"author":[{"embeddable":true,"href":"https:\/\/compassion.ch\/de\/wp-json\/wp\/v2\/users\/8"}],"replies":[{"embeddable":true,"href":"https:\/\/compassion.ch\/de\/wp-json\/wp\/v2\/comments?post=94054"}],"version-history":[{"count":0,"href":"https:\/\/compassion.ch\/de\/wp-json\/wp\/v2\/posts\/94054\/revisions"}],"wp:featuredmedia":[{"embeddable":true,"href":"https:\/\/compassion.ch\/de\/wp-json\/wp\/v2\/media\/89820"}],"wp:attachment":[{"href":"https:\/\/compassion.ch\/de\/wp-json\/wp\/v2\/media?parent=94054"}],"wp:term":[{"taxonomy":"category","embeddable":true,"href":"https:\/\/compassion.ch\/de\/wp-json\/wp\/v2\/categories?post=94054"},{"taxonomy":"post_tag","embeddable":true,"href":"https:\/\/compassion.ch\/de\/wp-json\/wp\/v2\/tags?post=94054"}],"curies":[{"name":"wp","href":"https:\/\/api.w.org\/{rel}","templated":true}]}}