{"id":578968,"date":"2026-05-01T16:04:59","date_gmt":"2026-05-01T14:04:59","guid":{"rendered":"https:\/\/compassion.ch\/?p=578968"},"modified":"2026-05-01T16:05:32","modified_gmt":"2026-05-01T14:05:32","slug":"kaffee-mit-wirkung","status":"publish","type":"post","link":"https:\/\/compassion.ch\/de\/kaffee-mit-wirkung\/","title":{"rendered":"Kaffee mit Wirkung \u2013 eine Partnerschaft zwischen \u00c4thiopien und der Ostschweiz"},"content":{"rendered":"\t\t<div data-elementor-type=\"wp-post\" data-elementor-id=\"578968\" class=\"elementor elementor-578968 elementor-578965\" data-elementor-post-type=\"post\">\n\t\t\t\t<div class=\"elementor-element elementor-element-8c6ed68 e-flex e-con-boxed e-con e-parent\" data-id=\"8c6ed68\" data-element_type=\"container\" data-e-type=\"container\" data-settings=\"{&quot;background_background&quot;:&quot;classic&quot;}\">\n\t\t\t\t\t<div class=\"e-con-inner\">\n\t\t<div class=\"elementor-element elementor-element-fc38ecd e-con-full e-flex e-con e-child\" data-id=\"fc38ecd\" data-element_type=\"container\" data-e-type=\"container\">\n\t\t\t\t<div class=\"elementor-element elementor-element-ce108b7 title elementor-widget elementor-widget-heading\" data-id=\"ce108b7\" data-element_type=\"widget\" data-e-type=\"widget\" data-widget_type=\"heading.default\">\n\t\t\t\t<div class=\"elementor-widget-container\">\n\t\t\t\t\t<h1 class=\"elementor-heading-title elementor-size-large\">Kaffee mit Wirkung \u2013 eine Partnerschaft zwischen \u00c4thiopien und der Ostschweiz <\/h1>\t\t\t\t<\/div>\n\t\t\t\t<\/div>\n\t\t\t\t<div class=\"elementor-element elementor-element-3f49163 elementor-widget elementor-widget-text-editor\" data-id=\"3f49163\" data-element_type=\"widget\" data-e-type=\"widget\" data-widget_type=\"text-editor.default\">\n\t\t\t\t<div class=\"elementor-widget-container\">\n\t\t\t\t\t\t\t\t\t<p><strong>Wie entsteht Kaffee mit sozialem Impact? Lea und Michael von MILEAM COFFEE ROASTERS erz\u00e4hlen, wie sie gemeinsam mit Kemi Mesafint in \u00c4thiopien den \u201eKemi-Kaffee\u201c entwickelt haben \u2013 ein Projekt, das Genuss mit nachhaltiger Wirkung verbindet.\u00a0<\/strong><\/p>\t\t\t\t\t\t\t\t<\/div>\n\t\t\t\t<\/div>\n\t\t\t\t<\/div>\n\t\t\t\t\t<\/div>\n\t\t\t\t<\/div>\n\t\t<div class=\"elementor-element elementor-element-9806af1 e-flex e-con-boxed e-con e-parent\" data-id=\"9806af1\" data-element_type=\"container\" data-e-type=\"container\">\n\t\t\t\t\t<div class=\"e-con-inner\">\n\t\t<div class=\"elementor-element elementor-element-ac0a519 e-con-full e-flex e-con e-child\" data-id=\"ac0a519\" data-element_type=\"container\" data-e-type=\"container\">\n\t\t\t\t<div class=\"elementor-element elementor-element-0881b1e elementor-widget elementor-widget-image\" data-id=\"0881b1e\" data-element_type=\"widget\" data-e-type=\"widget\" data-widget_type=\"image.default\">\n\t\t\t\t<div class=\"elementor-widget-container\">\n\t\t\t\t\t\t\t\t\t\t\t\t\t\t\t<img fetchpriority=\"high\" decoding=\"async\" width=\"1200\" height=\"800\" src=\"https:\/\/compassion.ch\/wp-content\/uploads\/2026\/04\/PXL_20251228_095216840-1.jpg\" class=\"attachment-full size-full wp-image-579166\" alt=\"Un caf\u00e9 qui fait la diff\u00e9rence, partenariat entre la suisse et l&#039;Ethiopie\" srcset=\"https:\/\/compassion.ch\/wp-content\/uploads\/2026\/04\/PXL_20251228_095216840-1.jpg 1200w, https:\/\/compassion.ch\/wp-content\/uploads\/2026\/04\/PXL_20251228_095216840-1-300x200.jpg 300w, https:\/\/compassion.ch\/wp-content\/uploads\/2026\/04\/PXL_20251228_095216840-1-1024x683.jpg 1024w, https:\/\/compassion.ch\/wp-content\/uploads\/2026\/04\/PXL_20251228_095216840-1-768x512.jpg 768w, https:\/\/compassion.ch\/wp-content\/uploads\/2026\/04\/PXL_20251228_095216840-1-600x400.jpg 600w, https:\/\/compassion.ch\/wp-content\/uploads\/2026\/04\/PXL_20251228_095216840-1-272x182.jpg 272w\" sizes=\"(max-width: 1200px) 100vw, 1200px\" \/>\t\t\t\t\t\t\t\t\t\t\t\t\t\t\t<\/div>\n\t\t\t\t<\/div>\n\t\t\t\t<div class=\"elementor-element elementor-element-cf282e8 elementor-icon-list--layout-traditional elementor-list-item-link-full_width elementor-widget elementor-widget-icon-list\" data-id=\"cf282e8\" data-element_type=\"widget\" data-e-type=\"widget\" data-widget_type=\"icon-list.default\">\n\t\t\t\t<div class=\"elementor-widget-container\">\n\t\t\t\t\t\t\t<ul class=\"elementor-icon-list-items\">\n\t\t\t\t\t\t\t<li class=\"elementor-icon-list-item\">\n\t\t\t\t\t\t\t\t\t\t\t<span class=\"elementor-icon-list-icon\">\n\t\t\t\t\t\t\t<i aria-hidden=\"true\" class=\"fas fa-camera\"><\/i>\t\t\t\t\t\t<\/span>\n\t\t\t\t\t\t\t\t\t\t<span class=\"elementor-icon-list-text\">Partner dieses Projekts: Lea, Michael und Kemi<\/span>\n\t\t\t\t\t\t\t\t\t<\/li>\n\t\t\t\t\t\t<\/ul>\n\t\t\t\t\t\t<\/div>\n\t\t\t\t<\/div>\n\t\t\t\t<\/div>\n\t\t\t\t\t<\/div>\n\t\t\t\t<\/div>\n\t\t<div class=\"elementor-element elementor-element-d53f401 e-flex e-con-boxed e-con e-parent\" data-id=\"d53f401\" data-element_type=\"container\" data-e-type=\"container\">\n\t\t\t\t\t<div class=\"e-con-inner\">\n\t\t<div class=\"elementor-element elementor-element-0ec1f55 e-con-full e-flex e-con e-child\" data-id=\"0ec1f55\" data-element_type=\"container\" data-e-type=\"container\">\n\t\t\t\t<div class=\"elementor-element elementor-element-137063b elementor-widget-divider--view-line elementor-widget elementor-widget-divider\" data-id=\"137063b\" data-element_type=\"widget\" data-e-type=\"widget\" data-widget_type=\"divider.default\">\n\t\t\t\t<div class=\"elementor-widget-container\">\n\t\t\t\t\t\t\t<div class=\"elementor-divider\">\n\t\t\t<span class=\"elementor-divider-separator\">\n\t\t\t\t\t\t<\/span>\n\t\t<\/div>\n\t\t\t\t\t\t<\/div>\n\t\t\t\t<\/div>\n\t\t\t\t<div class=\"elementor-element elementor-element-e65ea71 elementor-toc--content-ellipsis elementor-widget elementor-widget-table-of-contents\" data-id=\"e65ea71\" data-element_type=\"widget\" data-e-type=\"widget\" data-settings=\"{&quot;headings_by_tags&quot;:[&quot;h2&quot;],&quot;exclude_headings_by_selector&quot;:[],&quot;marker_view&quot;:&quot;bullets&quot;,&quot;icon&quot;:{&quot;value&quot;:&quot;&quot;,&quot;library&quot;:&quot;&quot;},&quot;no_headings_message&quot;:&quot;Aucun titre n\\u2019a \\u00e9t\\u00e9 trouv\\u00e9 sur cette page.&quot;,&quot;min_height&quot;:{&quot;unit&quot;:&quot;px&quot;,&quot;size&quot;:&quot;&quot;,&quot;sizes&quot;:[]},&quot;min_height_laptop&quot;:{&quot;unit&quot;:&quot;px&quot;,&quot;size&quot;:&quot;&quot;,&quot;sizes&quot;:[]},&quot;min_height_tablet&quot;:{&quot;unit&quot;:&quot;px&quot;,&quot;size&quot;:&quot;&quot;,&quot;sizes&quot;:[]},&quot;min_height_mobile&quot;:{&quot;unit&quot;:&quot;px&quot;,&quot;size&quot;:&quot;&quot;,&quot;sizes&quot;:[]}}\" data-widget_type=\"table-of-contents.default\">\n\t\t\t\t<div class=\"elementor-widget-container\">\n\t\t\t\t\t\t\t\t\t<div class=\"elementor-toc__header\">\n\t\t\t\t\t\t<h4 class=\"elementor-toc__header-title\">\n\t\t\t\tInhalt\t\t\t<\/h4>\n\t\t\t\t\t\t\t\t<\/div>\n\t\t\t\t<div id=\"elementor-toc__e65ea71\" class=\"elementor-toc__body\">\n\t\t\t<div class=\"elementor-toc__spinner-container\">\n\t\t\t\t<i class=\"elementor-toc__spinner eicon-animation-spin eicon-loading\" aria-hidden=\"true\"><\/i>\t\t\t<\/div>\n\t\t<\/div>\n\t\t\t\t\t\t<\/div>\n\t\t\t\t<\/div>\n\t\t\t\t<div class=\"elementor-element elementor-element-bb375be elementor-widget-divider--view-line elementor-widget elementor-widget-divider\" data-id=\"bb375be\" data-element_type=\"widget\" data-e-type=\"widget\" data-widget_type=\"divider.default\">\n\t\t\t\t<div class=\"elementor-widget-container\">\n\t\t\t\t\t\t\t<div class=\"elementor-divider\">\n\t\t\t<span class=\"elementor-divider-separator\">\n\t\t\t\t\t\t<\/span>\n\t\t<\/div>\n\t\t\t\t\t\t<\/div>\n\t\t\t\t<\/div>\n\t\t\t\t<div class=\"elementor-element elementor-element-28c2e6f elementor-widget elementor-widget-text-editor\" data-id=\"28c2e6f\" data-element_type=\"widget\" data-e-type=\"widget\" data-widget_type=\"text-editor.default\">\n\t\t\t\t<div class=\"elementor-widget-container\">\n\t\t\t\t\t\t\t\t\t<p><span style=\"font-weight: 400;\">Lea und Michael Krakowski haben eine Leidenschaft: Kaffee. 2024 gr\u00fcndeten sie in der Ostschweiz ihre eigene Kaffeer\u00f6sterei <a href=\"https:\/\/mileam.ch\/\" target=\"_blank\" rel=\"noopener\">MILEAM COFFEE ROASTERS<\/a>. Bereits heute fliesst pro verkauftem Kilo Kaffee 1 Franken an Kinderhilfswerke wie Compassion Schweiz. Sie wollten aber nicht \u201cnur\u201d beim Spenden stehen bleiben, sondern konkret einen Beitrag zur St\u00e4rkung der lokalen Wirtschaft leisten. <\/span><\/p>\n<p><span style=\"font-weight: 400;\">\u00dcber Compassion kamen sie in Kontakt mit Kemi Mesafint in <a href=\"https:\/\/compassion.ch\/de\/standorte\/aethiopien\/\" target=\"_blank\" rel=\"noopener\">\u00c4thiopien<\/a>. Er besuchte das Patenschaftsprogramm von Compassion und ist heute ein erfolgreicher <a href=\"https:\/\/www.youtube.com\/@Kemikumneger_Mesafint\" target=\"_blank\" rel=\"noopener\">Rapper und Moderator<\/a>. Daneben hat er ein Kaffeegesch\u00e4ft aufgebaut. Nach ihm ist der \u201cKemi-Kaffee\u201d benannt, den Lea und Michael von ihm in die Schweiz importieren und vertreiben m\u00f6chten.&nbsp; <\/span><\/p>\n<p><span style=\"font-weight: 400;\">Im Interview geben Lea und Michael sowie Kemi Anteil an ihrer Leidenschaft f\u00fcr Kaffee und der Geschichte hinter dem gemeinsamen Projekt.<\/span><\/p>\t\t\t\t\t\t\t\t<\/div>\n\t\t\t\t<\/div>\n\t\t\t\t<div class=\"elementor-element elementor-element-c142bfa title elementor-widget elementor-widget-heading\" data-id=\"c142bfa\" data-element_type=\"widget\" data-e-type=\"widget\" data-widget_type=\"heading.default\">\n\t\t\t\t<div class=\"elementor-widget-container\">\n\t\t\t\t\t<h2 class=\"elementor-heading-title elementor-size-default\">Interview mit Lea und Michael<\/h2>\t\t\t\t<\/div>\n\t\t\t\t<\/div>\n\t\t\t\t<div class=\"elementor-element elementor-element-eed4ce2 elementor-widget elementor-widget-text-editor\" data-id=\"eed4ce2\" data-element_type=\"widget\" data-e-type=\"widget\" data-widget_type=\"text-editor.default\">\n\t\t\t\t<div class=\"elementor-widget-container\">\n\t\t\t\t\t\t\t\t\t<p><b>Lea und Michael, <\/b><b>was fasziniert euch an gutem Kaffee?<\/b><\/p><p><span style=\"font-weight: 400;\">Kaffee ist nicht nur ein dringend notwendiges Genussmittel (zumindest f\u00fcr Michael), sondern ein Produkt mit Geschichte, Handwerk und Kultur. Jeder Schluck kann Geschichten von Herkunft, Klima, Boden und Menschen erz\u00e4hlen. Genau diese Vielfalt und Tiefe faszinieren uns am Kaffee. <\/span><\/p><p><b>Wie erkennt man guten Kaffee und was macht ihn aus?<\/b><\/p><p><span style=\"font-weight: 400;\">Guter Kaffee zeichnet sich durch hohe Qualit\u00e4t der Bohnen, sorgf\u00e4ltige R\u00f6stung, <\/span><span style=\"font-weight: 400;\">Aromenvielfalt, Frische<\/span><span style=\"font-weight: 400;\"> und bewusste Herkunftsauswahl aus. F\u00fcr uns bedeutet guter Kaffee auch Transparenz in der Lieferkette. Wir wollen wissen, woher der Kaffee kommt, wer ihn angebaut hat und unter welchen Bedingungen. <\/span><\/p><p><b>Wie seid ihr auf die Idee mit dem Kemi-Kaffee gekommen?<\/b><\/p><p><span style=\"font-weight: 400;\">Die pers\u00f6nliche Verbindung durch unser Patenkind mit Compassion hat unseren Blick gesch\u00e4rft, und wir haben erkannt, dass Compassion in vielen Kaffeeanbaugebieten aktiv ist. Unser Wunsch war es, nicht nur durch Spenden zu helfen, sondern einen Schritt weiterzugehen: die lokale Wirtschaft zu st\u00e4rken, damit Kinder und ihre Familien langfristig und nachhaltig profitieren k\u00f6nnen. <\/span><\/p>\t\t\t\t\t\t\t\t<\/div>\n\t\t\t\t<\/div>\n\t\t\t\t<div class=\"elementor-element elementor-element-d45e5a1 elementor-widget elementor-widget-image\" data-id=\"d45e5a1\" data-element_type=\"widget\" data-e-type=\"widget\" data-widget_type=\"image.default\">\n\t\t\t\t<div class=\"elementor-widget-container\">\n\t\t\t\t\t\t\t\t\t\t\t\t\t\t\t<img decoding=\"async\" width=\"1200\" height=\"751\" src=\"https:\/\/compassion.ch\/wp-content\/uploads\/2026\/04\/image-3.jpg\" class=\"attachment-full size-full wp-image-579286\" alt=\"Mileam Coffee, MIchael en train de torr\u00e9fier le caf\u00e9 vendu en collaboration avec Compassion.\" srcset=\"https:\/\/compassion.ch\/wp-content\/uploads\/2026\/04\/image-3.jpg 1200w, https:\/\/compassion.ch\/wp-content\/uploads\/2026\/04\/image-3-300x188.jpg 300w, https:\/\/compassion.ch\/wp-content\/uploads\/2026\/04\/image-3-1024x641.jpg 1024w, https:\/\/compassion.ch\/wp-content\/uploads\/2026\/04\/image-3-768x481.jpg 768w\" sizes=\"(max-width: 1200px) 100vw, 1200px\" \/>\t\t\t\t\t\t\t\t\t\t\t\t\t\t\t<\/div>\n\t\t\t\t<\/div>\n\t\t\t\t<div class=\"elementor-element elementor-element-bd62f51 elementor-icon-list--layout-traditional elementor-list-item-link-full_width elementor-widget elementor-widget-icon-list\" data-id=\"bd62f51\" data-element_type=\"widget\" data-e-type=\"widget\" data-widget_type=\"icon-list.default\">\n\t\t\t\t<div class=\"elementor-widget-container\">\n\t\t\t\t\t\t\t<ul class=\"elementor-icon-list-items\">\n\t\t\t\t\t\t\t<li class=\"elementor-icon-list-item\">\n\t\t\t\t\t\t\t\t\t\t\t<span class=\"elementor-icon-list-icon\">\n\t\t\t\t\t\t\t<i aria-hidden=\"true\" class=\"fas fa-camera\"><\/i>\t\t\t\t\t\t<\/span>\n\t\t\t\t\t\t\t\t\t\t<span class=\"elementor-icon-list-text\">Michael bei der R\u00f6stung der Kaffeebohnen<\/span>\n\t\t\t\t\t\t\t\t\t<\/li>\n\t\t\t\t\t\t<\/ul>\n\t\t\t\t\t\t<\/div>\n\t\t\t\t<\/div>\n\t\t\t\t<div class=\"elementor-element elementor-element-c90aba8 elementor-widget elementor-widget-text-editor\" data-id=\"c90aba8\" data-element_type=\"widget\" data-e-type=\"widget\" data-widget_type=\"text-editor.default\">\n\t\t\t\t<div class=\"elementor-widget-container\">\n\t\t\t\t\t\t\t\t\t<p><b>Wieso macht ihr ein Produkt mit sozialen Gedanken?<\/b><\/p><p><span style=\"font-weight: 400;\">Uns geht es darum, einen Unterschied zu machen. Der Kaffee ist das Sahneh\u00e4ubchen, das uns hilft und motiviert. Im Kern steht unser Glaube an Gott: Er motiviert uns, Verantwortung zu \u00fcbernehmen und die Welt ein kleines St\u00fcck besser zu hinterlassen. Ein Produkt mit sozialen Gedanken zu schaffen bedeutet f\u00fcr uns, Glauben, Werte und Freude praktisch leben, w\u00e4hrend wir gleichzeitig Genuss und Qualit\u00e4t bieten. <\/span><\/p><p><b>Wie habt ihr die Idee mit dem Kemi-Kaffee konkret umgesetzt?<\/b><\/p><p><span style=\"font-weight: 400;\">Wir fragten Kemi f\u00fcr Proben an. Dabei wurde klar, dass der Kaffee zwar spannend ist, aber noch nicht ganz unserem Qualit\u00e4tsniveau entsprach. <\/span><span style=\"font-weight: 400;\">Im folgenden Entwicklungsprozess<\/span><span style=\"font-weight: 400;\"> standen wir im Austausch mit Kemi und gaben Impulse zur Weiterentwicklung. Wir haben gesp\u00fcrt: Hier entsteht nicht nur ein Produkt, sondern eine Partnerschaft auf Augenh\u00f6he und gemeinsamer Vision.\u00a0 <\/span><\/p><p><b>Welchen Tipp habt ihr f\u00fcr andere UnternehmerInnen, welche auch ein Produkt mit sozialen Gedanken lancieren m\u00f6chten?<\/b><\/p><p><span style=\"font-weight: 400;\">Eine klare Vision, die \u00fcber den reinen Profit hinausgeht, ist entscheidend. Sozialer Impact sollte dabei nicht nur eine Marketingidee sein, sondern fest im Gesch\u00e4ftsmodell verankert sein. Gleichzeitig braucht es die Bereitschaft, zu lernen, sich anzupassen und aus R\u00fcckschl\u00e4gen zu wachsen. Der Austausch mit Gleichgesinnten und ein starkes Netzwerk k\u00f6nnen dabei entscheidend sein. <\/span><\/p>\t\t\t\t\t\t\t\t<\/div>\n\t\t\t\t<\/div>\n\t\t\t\t<div class=\"elementor-element elementor-element-cd9e5d4 elementor-blockquote--skin-quotation elementor-blockquote--align-center elementor-widget elementor-widget-blockquote\" data-id=\"cd9e5d4\" data-element_type=\"widget\" data-e-type=\"widget\" data-widget_type=\"blockquote.default\">\n\t\t\t\t<div class=\"elementor-widget-container\">\n\t\t\t\t\t\t\t<blockquote class=\"elementor-blockquote\">\n\t\t\t<p class=\"elementor-blockquote__content\">\n\t\t\t\tWir m\u00f6chten \u00fcber den gegenw\u00e4rtigen Moment hinaus Wirkung erzielen. Selbst kleine Handlungen, die mit Vertrauen ausgef\u00fchrt werden, k\u00f6nnen Leben ver\u00e4ndern, Gemeinschaften st\u00e4rken und Hoffnung schenken.\"\t\t\t<\/p>\n\t\t\t\t\t\t\t<div class=\"e-q-footer\">\n\t\t\t\t\t\t\t\t\t\t\t<cite class=\"elementor-blockquote__author\">Lea und Michael<\/cite>\n\t\t\t\t\t\t\t\t\t\t\t\t\t\t<\/div>\n\t\t\t\t\t<\/blockquote>\n\t\t\t\t\t\t<\/div>\n\t\t\t\t<\/div>\n\t\t\t\t<div class=\"elementor-element elementor-element-5abfaaf title elementor-widget elementor-widget-heading\" data-id=\"5abfaaf\" data-element_type=\"widget\" data-e-type=\"widget\" data-widget_type=\"heading.default\">\n\t\t\t\t<div class=\"elementor-widget-container\">\n\t\t\t\t\t<h2 class=\"elementor-heading-title elementor-size-default\">Kemi beantwortet einige Fragen<\/h2>\t\t\t\t<\/div>\n\t\t\t\t<\/div>\n\t\t\t\t<div class=\"elementor-element elementor-element-0feb915 elementor-widget elementor-widget-text-editor\" data-id=\"0feb915\" data-element_type=\"widget\" data-e-type=\"widget\" data-widget_type=\"text-editor.default\">\n\t\t\t\t<div class=\"elementor-widget-container\">\n\t\t\t\t\t\t\t\t\t<p><b>Kemi, warum hast du dich entschieden, ein Kaffeeunternehmen zu gr\u00fcnden?<\/b><\/p><p><span style=\"font-weight: 400;\">Kaffee ist in \u00c4thiopien mehr als ein Getr\u00e4nk: Er steht f\u00fcr Verbindung, f\u00fcr Gespr\u00e4che, f\u00fcr W\u00fcrde. Ich habe erkannt, dass jede Tasse zu einer Plattform werden kann \u2013 nicht nur f\u00fcr ein Gesch\u00e4ft, sondern f\u00fcr echte Wirkung. Dieses Unternehmen ist meine Art zu sagen: Deine Geschichte endet nicht dort, wo sie begonnen hat. So wie Kaffeebohnen durch Feuer veredelt werden, k\u00f6nnen auch wir uns ver\u00e4ndern und mit neuer Bestimmung aufbl\u00fchen.<\/span><\/p><p><b>Was macht \u00e4thiopischen Kaffee so besonders?<\/b><\/p><p><span style=\"font-weight: 400;\">\u00c4thiopischer Kaffee ist besonders, weil er Identit\u00e4t, Geschichte und Seele in sich tr\u00e4gt. Was ihn f\u00fcr mich wirklich besonders macht, sind die Menschen dahinter: Die B\u00e4uerinnen und Bauern. Die Familien. Die Geschichten, die in jeder Bohne stecken. Wer \u00e4thiopischen Kaffee trinkt, erlebt nicht nur ein aussergew\u00f6hnliches Aroma, sondern schmeckt Herkunft und Hoffnung.<\/span><\/p><p><b>Was sind deine Pl\u00e4ne f\u00fcr die Zukunft der Marke? <\/b><\/p><p><span style=\"font-weight: 400;\">Ich sehe diese Marke als eine Bewegung, die junge Menschen st\u00e4rkt und ihnen neue Perspektiven er\u00f6ffnet. Ich m\u00f6chte M\u00f6glichkeiten schaffen, damit junge Menschen F\u00e4higkeiten erlernen, ein Einkommen erzielen und ihren eigenen Wert erkennen. Ein Teil des Gewinns soll deshalb direkt in Programme zur F\u00f6rderung von Jugendlichen fliessen. Ich m\u00f6chte zudem Orte schaffen, an denen Kaffee und Mentoring zusammenkommen. Ein weiteres Ziel ist es, junge Menschen vom Einkauf bis zum Branding aktiv einzubeziehen, damit sie selbst Teil des Erfolgs werden.<\/span><\/p>\t\t\t\t\t\t\t\t<\/div>\n\t\t\t\t<\/div>\n\t\t\t\t<div class=\"elementor-element elementor-element-c7bcd5d elementor-widget elementor-widget-text-editor\" data-id=\"c7bcd5d\" data-element_type=\"widget\" data-e-type=\"widget\" data-widget_type=\"text-editor.default\">\n\t\t\t\t<div class=\"elementor-widget-container\">\n\t\t\t\t\t\t\t\t\t<p><strong>Bleib \u00fcber die weiteren Entwicklungen des Kemi-Kaffees und die Produkte von <a href=\"https:\/\/mileam.ch\" target=\"_blank\" rel=\"noopener\">MILEAM COFFEE ROASTERS\u00a0<\/a>auf dem Laufenden.<\/strong><\/p>\t\t\t\t\t\t\t\t<\/div>\n\t\t\t\t<\/div>\n\t\t\t\t<\/div>\n\t\t\t\t\t<\/div>\n\t\t\t\t<\/div>\n\t\t<div class=\"elementor-element elementor-element-900d6c5 e-flex e-con-boxed e-con e-parent\" data-id=\"900d6c5\" data-element_type=\"container\" data-e-type=\"container\">\n\t\t\t\t\t<div class=\"e-con-inner\">\n\t\t<div class=\"elementor-element elementor-element-b0bccd9 e-con-full e-flex e-con e-child\" data-id=\"b0bccd9\" data-element_type=\"container\" data-e-type=\"container\">\n\t\t\t\t<div class=\"elementor-element elementor-element-1ab2db7 elementor-widget elementor-widget-post-info\" data-id=\"1ab2db7\" data-element_type=\"widget\" data-e-type=\"widget\" data-widget_type=\"post-info.default\">\n\t\t\t\t<div class=\"elementor-widget-container\">\n\t\t\t\t\t\t\t<ul class=\"elementor-inline-items elementor-icon-list-items elementor-post-info\">\n\t\t\t\t\t\t\t\t<li class=\"elementor-icon-list-item elementor-repeater-item-bf4459a elementor-inline-item\" itemprop=\"datePublished\">\n\t\t\t\t\t\t\t\t\t\t<span class=\"elementor-icon-list-icon\">\n\t\t\t\t\t\t\t\t<i aria-hidden=\"true\" class=\"fas fa-calendar\"><\/i>\t\t\t\t\t\t\t<\/span>\n\t\t\t\t\t\t\t\t\t<span class=\"elementor-icon-list-text elementor-post-info__item elementor-post-info__item--type-date\">\n\t\t\t\t\t\t\t\t\t\t<time>1 Mai 2026<\/time>\t\t\t\t\t<\/span>\n\t\t\t\t\t\t\t\t<\/li>\n\t\t\t\t<li class=\"elementor-icon-list-item elementor-repeater-item-c2473fa elementor-inline-item\">\n\t\t\t\t\t\t\t\t\t\t<span class=\"elementor-icon-list-icon\">\n\t\t\t\t\t\t\t\t<i aria-hidden=\"true\" class=\"fas fa-camera\"><\/i>\t\t\t\t\t\t\t<\/span>\n\t\t\t\t\t\t\t\t\t<span class=\"elementor-icon-list-text elementor-post-info__item elementor-post-info__item--type-custom\">\n\t\t\t\t\t\t\t\t\t\tMonika B\u00e4rtschi und Debora Alder-Gasser\t\t\t\t\t<\/span>\n\t\t\t\t\t\t\t\t<\/li>\n\t\t\t\t<\/ul>\n\t\t\t\t\t\t<\/div>\n\t\t\t\t<\/div>\n\t\t\t\t<div class=\"elementor-element elementor-element-998b62a elementor-share-buttons--view-icon elementor-share-buttons--skin-framed elementor-share-buttons--shape-square elementor-grid-0 elementor-share-buttons--color-official elementor-widget elementor-widget-share-buttons\" data-id=\"998b62a\" data-element_type=\"widget\" data-e-type=\"widget\" data-widget_type=\"share-buttons.default\">\n\t\t\t\t<div class=\"elementor-widget-container\">\n\t\t\t\t\t\t\t<div class=\"elementor-grid\" role=\"list\">\n\t\t\t\t\t\t\t\t<div class=\"elementor-grid-item\" role=\"listitem\">\n\t\t\t\t\t\t<div class=\"elementor-share-btn elementor-share-btn_facebook\" role=\"button\" tabindex=\"0\" aria-label=\"Teilen auf facebook\">\n\t\t\t\t\t\t\t\t\t\t\t\t\t\t\t<span class=\"elementor-share-btn__icon\">\n\t\t\t\t\t\t\t\t<i class=\"fab fa-facebook\" aria-hidden=\"true\"><\/i>\t\t\t\t\t\t\t<\/span>\n\t\t\t\t\t\t\t\t\t\t\t\t\t\t\t\t\t\t\t\t<\/div>\n\t\t\t\t\t<\/div>\n\t\t\t\t\t\t\t\t\t<div class=\"elementor-grid-item\" role=\"listitem\">\n\t\t\t\t\t\t<div class=\"elementor-share-btn elementor-share-btn_twitter\" role=\"button\" tabindex=\"0\" aria-label=\"Teilen auf twitter\">\n\t\t\t\t\t\t\t\t\t\t\t\t\t\t\t<span class=\"elementor-share-btn__icon\">\n\t\t\t\t\t\t\t\t<i class=\"fab fa-twitter\" aria-hidden=\"true\"><\/i>\t\t\t\t\t\t\t<\/span>\n\t\t\t\t\t\t\t\t\t\t\t\t\t\t\t\t\t\t\t\t<\/div>\n\t\t\t\t\t<\/div>\n\t\t\t\t\t\t\t\t\t<div class=\"elementor-grid-item\" role=\"listitem\">\n\t\t\t\t\t\t<div class=\"elementor-share-btn elementor-share-btn_linkedin\" role=\"button\" tabindex=\"0\" aria-label=\"Teilen auf linkedin\">\n\t\t\t\t\t\t\t\t\t\t\t\t\t\t\t<span class=\"elementor-share-btn__icon\">\n\t\t\t\t\t\t\t\t<i class=\"fab fa-linkedin\" aria-hidden=\"true\"><\/i>\t\t\t\t\t\t\t<\/span>\n\t\t\t\t\t\t\t\t\t\t\t\t\t\t\t\t\t\t\t\t<\/div>\n\t\t\t\t\t<\/div>\n\t\t\t\t\t\t\t\t\t<div class=\"elementor-grid-item\" role=\"listitem\">\n\t\t\t\t\t\t<div class=\"elementor-share-btn elementor-share-btn_whatsapp\" role=\"button\" tabindex=\"0\" aria-label=\"Teilen auf whatsapp\">\n\t\t\t\t\t\t\t\t\t\t\t\t\t\t\t<span class=\"elementor-share-btn__icon\">\n\t\t\t\t\t\t\t\t<i class=\"fab fa-whatsapp\" aria-hidden=\"true\"><\/i>\t\t\t\t\t\t\t<\/span>\n\t\t\t\t\t\t\t\t\t\t\t\t\t\t\t\t\t\t\t\t<\/div>\n\t\t\t\t\t<\/div>\n\t\t\t\t\t\t\t\t\t<div class=\"elementor-grid-item\" role=\"listitem\">\n\t\t\t\t\t\t<div class=\"elementor-share-btn elementor-share-btn_email\" role=\"button\" tabindex=\"0\" aria-label=\"Teilen auf email\">\n\t\t\t\t\t\t\t\t\t\t\t\t\t\t\t<span class=\"elementor-share-btn__icon\">\n\t\t\t\t\t\t\t\t<i class=\"fas fa-envelope\" aria-hidden=\"true\"><\/i>\t\t\t\t\t\t\t<\/span>\n\t\t\t\t\t\t\t\t\t\t\t\t\t\t\t\t\t\t\t\t<\/div>\n\t\t\t\t\t<\/div>\n\t\t\t\t\t\t<\/div>\n\t\t\t\t\t\t<\/div>\n\t\t\t\t<\/div>\n\t\t\t\t<\/div>\n\t\t\t\t\t<\/div>\n\t\t\t\t<\/div>\n\t\t<div class=\"elementor-element elementor-element-12e9c889 e-flex e-con-boxed e-con e-parent\" data-id=\"12e9c889\" data-element_type=\"container\" data-e-type=\"container\" data-settings=\"{&quot;background_background&quot;:&quot;classic&quot;}\">\n\t\t\t\t\t<div class=\"e-con-inner\">\n\t\t<div class=\"elementor-element elementor-element-453e135d e-con-full e-flex e-con e-child\" data-id=\"453e135d\" data-element_type=\"container\" data-e-type=\"container\">\n\t\t\t\t<div class=\"elementor-element elementor-element-e310a74 elementor-widget elementor-widget-heading\" data-id=\"e310a74\" data-element_type=\"widget\" data-e-type=\"widget\" data-widget_type=\"heading.default\">\n\t\t\t\t<div class=\"elementor-widget-container\">\n\t\t\t\t\t<h5 class=\"elementor-heading-title elementor-size-default\">WEITERE NEWS VON COMPASSION<\/h5>\t\t\t\t<\/div>\n\t\t\t\t<\/div>\n\t\t\t\t<\/div>\n\t\t\t\t\t<\/div>\n\t\t\t\t<\/div>\n\t\t\t\t<\/div>\n\t\t","protected":false},"excerpt":{"rendered":"<p> Wie entsteht Kaffee mit sozialem Impact? Lea und Michael von MILEAM COFFEE ROASTERS erz\u00e4hlen, wie sie gemeinsam mit Kemi Mesafint in \u00c4thiopien den \u201eKemi-Kaffee\u201c entwickelt haben.<\/p>\n","protected":false},"author":8,"featured_media":579166,"comment_status":"closed","ping_status":"open","sticky":false,"template":"elementor_header_footer","format":"standard","meta":{"give_campaign_id":0,"footnotes":""},"categories":[82,33],"tags":[],"class_list":["post-578968","post","type-post","status-publish","format-standard","has-post-thumbnail","hentry","category-histoires-de","category-unkategorisiert"],"_links":{"self":[{"href":"https:\/\/compassion.ch\/de\/wp-json\/wp\/v2\/posts\/578968","targetHints":{"allow":["GET"]}}],"collection":[{"href":"https:\/\/compassion.ch\/de\/wp-json\/wp\/v2\/posts"}],"about":[{"href":"https:\/\/compassion.ch\/de\/wp-json\/wp\/v2\/types\/post"}],"author":[{"embeddable":true,"href":"https:\/\/compassion.ch\/de\/wp-json\/wp\/v2\/users\/8"}],"replies":[{"embeddable":true,"href":"https:\/\/compassion.ch\/de\/wp-json\/wp\/v2\/comments?post=578968"}],"version-history":[{"count":31,"href":"https:\/\/compassion.ch\/de\/wp-json\/wp\/v2\/posts\/578968\/revisions"}],"predecessor-version":[{"id":579625,"href":"https:\/\/compassion.ch\/de\/wp-json\/wp\/v2\/posts\/578968\/revisions\/579625"}],"wp:featuredmedia":[{"embeddable":true,"href":"https:\/\/compassion.ch\/de\/wp-json\/wp\/v2\/media\/579166"}],"wp:attachment":[{"href":"https:\/\/compassion.ch\/de\/wp-json\/wp\/v2\/media?parent=578968"}],"wp:term":[{"taxonomy":"category","embeddable":true,"href":"https:\/\/compassion.ch\/de\/wp-json\/wp\/v2\/categories?post=578968"},{"taxonomy":"post_tag","embeddable":true,"href":"https:\/\/compassion.ch\/de\/wp-json\/wp\/v2\/tags?post=578968"}],"curies":[{"name":"wp","href":"https:\/\/api.w.org\/{rel}","templated":true}]}}