{"id":386886,"date":"2022-06-30T14:05:23","date_gmt":"2022-06-30T12:05:23","guid":{"rendered":"https:\/\/compassion.ch\/48-randonneurs-ont-leve-400-000-francs-pour-soutenir-500-meres-demunies-et-leur-nouveau-ne\/"},"modified":"2022-06-30T14:05:23","modified_gmt":"2022-06-30T12:05:23","slug":"48-randonneurs-ont-leve-400-000-francs-pour-soutenir-500-meres-demunies-et-leur-nouveau-ne","status":"publish","type":"post","link":"https:\/\/compassion.ch\/de\/48-randonneurs-ont-leve-400-000-francs-pour-soutenir-500-meres-demunies-et-leur-nouveau-ne\/","title":{"rendered":"48 randonneurs ont lev\u00e9 400 000 francs pour soutenir 500 m\u00e8res d\u00e9munies et leur nouveau-n\u00e9"},"content":{"rendered":"<div id=\"pl-386886\"  class=\"panel-layout\" ><div class=\"row section_row\"><div id=\"pg-386886-0\"  class=\"panel-grid panel-no-style\" ><div id=\"pgc-386886-0-0\"  class=\"panel-grid-cell\" ><div id=\"panel-386886-0-0-0\" class=\"so-panel widget widget_siteorigin-panels-builder panel-first-child panel-last-child\" data-index=\"0\" ><div id=\"pl-w62bd918508b5f\"  class=\"panel-layout\" ><div class=\"row section_row\"><div id=\"pg-w62bd918508b5f-0\"  class=\"panel-grid panel-no-style\" ><div id=\"pgc-w62bd918508b5f-0-0\"  class=\"panel-grid-cell\" ><div id=\"panel-w62bd918508b5f-0-0-0\" class=\"so-panel widget widget_siteorigin-panels-builder panel-first-child panel-last-child\" data-index=\"0\" ><div id=\"pl-w62bd918508b68\"  class=\"panel-layout\" ><div class=\"row section_row\"><div id=\"pg-w62bd918508b68-0\"  class=\"panel-grid panel-no-style\" ><div id=\"pgc-w62bd918508b68-0-0\"  class=\"panel-grid-cell panel-grid-cell-empty\" ><\/div><div id=\"pgc-w62bd918508b68-0-1\"  class=\"panel-grid-cell panel-grid-cell-mobile-last\" ><div id=\"panel-w62bd918508b68-0-1-0\" class=\"so-panel widget widget_image-slider panel-first-child\" data-index=\"0\" ><div\n\t\t\t\n\t\t\tclass=\"so-widget-image-slider so-widget-image-slider-image-slider-style-d75171398898\"\n\t\t\t\n\t\t>\n<div class=\"slick-slider slick-carousel \" data-slickSlides=\"1\" data-slickScroll=\"1\" data-slickArrows=\"true\" data-slickDots=\"true\">\n\n  \n  <div class=\"slide\">\n    <div class=\"slide-image position-center\" style=\"background-image: url(https:\/\/compassion.ch\/wp-content\/uploads\/2022\/06\/IMG_9056.jpg);\"><\/div>\n    <div class=\"slide-content-wrapper\">\n      <div class=\"slide-content\">\n              <\/div>\n    <\/div>\n  <\/div>\n\n  \n<\/div>\n<\/div><\/div><div id=\"panel-w62bd918508b68-0-1-1\" class=\"so-panel widget widget_sow-editor panel-last-child\" data-index=\"1\" ><div\n\t\t\t\n\t\t\tclass=\"so-widget-sow-editor so-widget-sow-editor-base\"\n\t\t\t\n\t\t>\n<div class=\"siteorigin-widget-tinymce textwidget\">\n\t<p>Suisse: 48 randonneurs ont lev\u00e9 400 000 francs pour soutenir 500 m\u00e8res d\u00e9munies et leur nouveau-n\u00e9<\/p>\n<p>A lire <a href=\"https:\/\/www.evangeliques.info\/2022\/06\/30\/pauvrete-48-sportifs-amateurs-ont-leve-400-000-francs-pour-soutenir-500-meres-et-leur-nouveau-ne\/\" target=\"_blank\" rel=\"noopener\">sur Evang\u00e9liques.info<\/a><\/p>\n<p><small>Les contenus publi\u00e9s par les m\u00e9dias ne repr\u00e9sentent pas forc\u00e9ment la vision de Compassion. Il est possible que le lien de cet article ne fonctionne plus, si le m\u00e9dia a d\u00e9cider de le retirer des articles disponibles.<\/small><\/p>\n<\/div>\n<\/div><\/div><\/div><div id=\"pgc-w62bd918508b68-0-2\"  class=\"panel-grid-cell panel-grid-cell-empty\" ><\/div><\/div><\/div><\/div><\/div><\/div><\/div><\/div><\/div><\/div><\/div><\/div><\/div><\/div>","protected":false},"excerpt":{"rendered":"<p>Les participants ont gravi le Kilimandjaro pour soutenir, via l\u2019ONG Compassion, de nombreuse femmes dans l&#8217;extr\u00eame pauvret\u00e9.<\/p>\n","protected":false},"author":8,"featured_media":386880,"comment_status":"open","ping_status":"open","sticky":false,"template":"","format":"standard","meta":{"give_campaign_id":0,"footnotes":""},"categories":[91],"tags":[],"class_list":["post-386886","post","type-post","status-publish","format-standard","has-post-thumbnail","hentry","category-press-de"],"_links":{"self":[{"href":"https:\/\/compassion.ch\/de\/wp-json\/wp\/v2\/posts\/386886","targetHints":{"allow":["GET"]}}],"collection":[{"href":"https:\/\/compassion.ch\/de\/wp-json\/wp\/v2\/posts"}],"about":[{"href":"https:\/\/compassion.ch\/de\/wp-json\/wp\/v2\/types\/post"}],"author":[{"embeddable":true,"href":"https:\/\/compassion.ch\/de\/wp-json\/wp\/v2\/users\/8"}],"replies":[{"embeddable":true,"href":"https:\/\/compassion.ch\/de\/wp-json\/wp\/v2\/comments?post=386886"}],"version-history":[{"count":0,"href":"https:\/\/compassion.ch\/de\/wp-json\/wp\/v2\/posts\/386886\/revisions"}],"wp:featuredmedia":[{"embeddable":true,"href":"https:\/\/compassion.ch\/de\/wp-json\/wp\/v2\/media\/386880"}],"wp:attachment":[{"href":"https:\/\/compassion.ch\/de\/wp-json\/wp\/v2\/media?parent=386886"}],"wp:term":[{"taxonomy":"category","embeddable":true,"href":"https:\/\/compassion.ch\/de\/wp-json\/wp\/v2\/categories?post=386886"},{"taxonomy":"post_tag","embeddable":true,"href":"https:\/\/compassion.ch\/de\/wp-json\/wp\/v2\/tags?post=386886"}],"curies":[{"name":"wp","href":"https:\/\/api.w.org\/{rel}","templated":true}]}}