{"id":288807,"date":"2021-07-06T08:32:48","date_gmt":"2021-07-06T06:32:48","guid":{"rendered":"https:\/\/compassion.ch\/?p=288807"},"modified":"2021-07-06T08:32:50","modified_gmt":"2021-07-06T06:32:50","slug":"covid-19-250-millions-de-repas-distribues-par-compassion-aux-plus-vulnerables","status":"publish","type":"post","link":"https:\/\/compassion.ch\/de\/covid-19-250-millions-de-repas-distribues-par-compassion-aux-plus-vulnerables\/","title":{"rendered":"Covid-19 : 250 millions de repas distribu\u00e9s par Compassion aux plus vuln\u00e9rables"},"content":{"rendered":"<div id=\"pl-288807\"  class=\"panel-layout\" ><div class=\"row section_row\"><div id=\"pg-288807-0\"  class=\"panel-grid panel-no-style\" ><div id=\"pgc-288807-0-0\"  class=\"panel-grid-cell\" ><div id=\"panel-288807-0-0-0\" class=\"so-panel widget widget_siteorigin-panels-builder panel-first-child panel-last-child\" data-index=\"0\" ><div id=\"pl-w60e3f8f32e380\"  class=\"panel-layout\" ><div class=\"row section_row\"><div id=\"pg-w60e3f8f32e380-0\"  class=\"panel-grid panel-no-style\" ><div id=\"pgc-w60e3f8f32e380-0-0\"  class=\"panel-grid-cell\" ><div id=\"panel-w60e3f8f32e380-0-0-0\" class=\"so-panel widget widget_siteorigin-panels-builder panel-first-child panel-last-child\" data-index=\"0\" ><div id=\"pl-w60e3f8f32e387\"  class=\"panel-layout\" ><div class=\"row section_row\"><div id=\"pg-w60e3f8f32e387-0\"  class=\"panel-grid panel-no-style\" ><div id=\"pgc-w60e3f8f32e387-0-0\"  class=\"panel-grid-cell panel-grid-cell-empty\" ><\/div><div id=\"pgc-w60e3f8f32e387-0-1\"  class=\"panel-grid-cell panel-grid-cell-mobile-last\" ><div id=\"panel-w60e3f8f32e387-0-1-0\" class=\"so-panel widget widget_image-slider panel-first-child\" data-index=\"0\" ><div\n\t\t\t\n\t\t\tclass=\"so-widget-image-slider so-widget-image-slider-image-slider-style-d75171398898\"\n\t\t\t\n\t\t>\n<div class=\"slick-slider slick-carousel \" data-slickSlides=\"1\" data-slickScroll=\"1\" data-slickArrows=\"true\" data-slickDots=\"true\">\n\n  \n  <div class=\"slide\">\n    <div class=\"slide-image position-center\" style=\"background-image: url(https:\/\/compassion.ch\/wp-content\/uploads\/2021\/07\/CC-PE053800139-05-2006.jpg);\"><\/div>\n    <div class=\"slide-content-wrapper\">\n      <div class=\"slide-content\">\n              <\/div>\n    <\/div>\n  <\/div>\n\n  \n<\/div>\n<\/div><\/div><div id=\"panel-w60e3f8f32e387-0-1-1\" class=\"so-panel widget widget_sow-editor panel-last-child\" data-index=\"1\" ><div\n\t\t\t\n\t\t\tclass=\"so-widget-sow-editor so-widget-sow-editor-base\"\n\t\t\t\n\t\t>\n<div class=\"siteorigin-widget-tinymce textwidget\">\n\t<p>Compassion a distribu\u00e9 13,7 millions de paquets de nourriture aux plus vuln\u00e9rables des familles d\u2019enfants parrain\u00e9s ces treize derniers mois. Sp\u00e9cialis\u00e9e dans le parrainage d'enfants l'ONG s'est adapt\u00e9e \u00e0 une crise majeure.<\/p>\n<p>A lire <a href=\"https:\/\/www.evangeliques.info\/2021\/07\/05\/covid-19-250-millions-de-repas-distribues-par-compassion-aux-plus-vulnerables\/\" target=\"_blank\" rel=\"noopener\">sur Evang\u00e9liques.info<\/a><\/p>\n<p><small>Les contenus publi\u00e9s par les m\u00e9dias ne repr\u00e9sentent pas forc\u00e9ment la vision de Compassion. Il est possible que le lien de cet article ne fonctionne plus, si le m\u00e9dia a d\u00e9cider de le retirer des articles disponibles.<\/small><\/p>\n<\/div>\n<\/div><\/div><\/div><div id=\"pgc-w60e3f8f32e387-0-2\"  class=\"panel-grid-cell panel-grid-cell-empty\" ><\/div><\/div><\/div><\/div><\/div><\/div><\/div><\/div><\/div><\/div><\/div><\/div><\/div><\/div>","protected":false},"excerpt":{"rendered":"<p>Compassion a distribu\u00e9 13,7 millions de paquets de nourriture aux plus vuln\u00e9rables des familles d\u2019enfants parrain\u00e9s ces treize derniers mois\u2026<\/p>\n","protected":false},"author":8,"featured_media":288034,"comment_status":"open","ping_status":"open","sticky":false,"template":"","format":"standard","meta":{"give_campaign_id":0,"footnotes":""},"categories":[91],"tags":[],"class_list":["post-288807","post","type-post","status-publish","format-standard","has-post-thumbnail","hentry","category-press-de"],"_links":{"self":[{"href":"https:\/\/compassion.ch\/de\/wp-json\/wp\/v2\/posts\/288807","targetHints":{"allow":["GET"]}}],"collection":[{"href":"https:\/\/compassion.ch\/de\/wp-json\/wp\/v2\/posts"}],"about":[{"href":"https:\/\/compassion.ch\/de\/wp-json\/wp\/v2\/types\/post"}],"author":[{"embeddable":true,"href":"https:\/\/compassion.ch\/de\/wp-json\/wp\/v2\/users\/8"}],"replies":[{"embeddable":true,"href":"https:\/\/compassion.ch\/de\/wp-json\/wp\/v2\/comments?post=288807"}],"version-history":[{"count":0,"href":"https:\/\/compassion.ch\/de\/wp-json\/wp\/v2\/posts\/288807\/revisions"}],"wp:featuredmedia":[{"embeddable":true,"href":"https:\/\/compassion.ch\/de\/wp-json\/wp\/v2\/media\/288034"}],"wp:attachment":[{"href":"https:\/\/compassion.ch\/de\/wp-json\/wp\/v2\/media?parent=288807"}],"wp:term":[{"taxonomy":"category","embeddable":true,"href":"https:\/\/compassion.ch\/de\/wp-json\/wp\/v2\/categories?post=288807"},{"taxonomy":"post_tag","embeddable":true,"href":"https:\/\/compassion.ch\/de\/wp-json\/wp\/v2\/tags?post=288807"}],"curies":[{"name":"wp","href":"https:\/\/api.w.org\/{rel}","templated":true}]}}