{"id":201384,"date":"2020-11-09T13:50:30","date_gmt":"2020-11-09T12:50:30","guid":{"rendered":"https:\/\/compassion.ch\/la-course-compassion-virtual-run-reunit-deja-2000-participants-du-7-au-11-novembre\/"},"modified":"2020-11-09T13:51:19","modified_gmt":"2020-11-09T12:51:19","slug":"la-course-compassion-virtual-run-reunit-deja-2000-participants-du-7-au-11-novembre","status":"publish","type":"post","link":"https:\/\/compassion.ch\/de\/la-course-compassion-virtual-run-reunit-deja-2000-participants-du-7-au-11-novembre\/","title":{"rendered":"La course \u00ab Compassion Virtual Run \u00bb r\u00e9unit d\u00e9j\u00e0 2000 participants du 7 au 11 novembre"},"content":{"rendered":"<div id=\"pl-201384\"  class=\"panel-layout\" ><div class=\"row section_row\"><div id=\"pg-201384-0\"  class=\"panel-grid panel-no-style\" ><div id=\"pgc-201384-0-0\"  class=\"panel-grid-cell\" ><div id=\"panel-201384-0-0-0\" class=\"so-panel widget widget_siteorigin-panels-builder panel-first-child panel-last-child\" data-index=\"0\" ><div id=\"pl-w5fa93b166d72d\"  class=\"panel-layout\" ><div class=\"row section_row\"><div id=\"pg-w5fa93b166d72d-0\"  class=\"panel-grid panel-no-style\" ><div id=\"pgc-w5fa93b166d72d-0-0\"  class=\"panel-grid-cell\" ><div id=\"panel-w5fa93b166d72d-0-0-0\" class=\"so-panel widget widget_siteorigin-panels-builder panel-first-child panel-last-child\" data-index=\"0\" ><div id=\"pl-w5fa93b166d733\"  class=\"panel-layout\" ><div class=\"row section_row\"><div id=\"pg-w5fa93b166d733-0\"  class=\"panel-grid panel-no-style\" ><div id=\"pgc-w5fa93b166d733-0-0\"  class=\"panel-grid-cell panel-grid-cell-empty\" ><\/div><div id=\"pgc-w5fa93b166d733-0-1\"  class=\"panel-grid-cell panel-grid-cell-mobile-last\" ><div id=\"panel-w5fa93b166d733-0-1-0\" class=\"so-panel widget widget_image-slider panel-first-child\" data-index=\"0\" ><div\n\t\t\t\n\t\t\tclass=\"so-widget-image-slider so-widget-image-slider-image-slider-style-d75171398898\"\n\t\t\t\n\t\t>\n<div class=\"slick-slider slick-carousel \" data-slickSlides=\"1\" data-slickScroll=\"1\" data-slickArrows=\"true\" data-slickDots=\"true\">\n\n  \n  <div class=\"slide\">\n    <div class=\"slide-image position-center\" style=\"background-image: url(https:\/\/compassion.ch\/wp-content\/uploads\/2020\/11\/Running_for_Compassion2020-1800x0-c-default.jpg);\"><\/div>\n    <div class=\"slide-content-wrapper\">\n      <div class=\"slide-content\">\n              <\/div>\n    <\/div>\n  <\/div>\n\n  \n<\/div>\n<\/div><\/div><div id=\"panel-w5fa93b166d733-0-1-1\" class=\"so-panel widget widget_sow-editor panel-last-child\" data-index=\"1\" ><div\n\t\t\t\n\t\t\tclass=\"so-widget-sow-editor so-widget-sow-editor-base\"\n\t\t\t\n\t\t>\n<div class=\"siteorigin-widget-tinymce textwidget\">\n\t<p>L'\u00e9dition internationale 2020 aura bien lieu dans un format r\u00e9adapt\u00e9 au contexte pand\u00e9mique, au profit des enfants les plus fragilis\u00e9s par la Covid-19.<\/p>\n<p>A lire <a href=\"https:\/\/www.evangeliques.info\/2020\/10\/29\/la-course-compassion-virtual-run-reunit-deja-2000-participants-du-7-au-11-novembre\/\" target=\"_blank\" rel=\"noopener\">sur Evang\u00e9liques.info<\/a><\/p>\n<p><small>Les contenus publi\u00e9s par les m\u00e9dias ne repr\u00e9sentent pas forc\u00e9ment la vision de Compassion. Il est possible que le lien de cet article ne fonctionne plus, si le m\u00e9dia a d\u00e9cider de le retirer des articles disponibles.<\/small><\/p>\n<\/div>\n<\/div><\/div><\/div><div id=\"pgc-w5fa93b166d733-0-2\"  class=\"panel-grid-cell panel-grid-cell-empty\" ><\/div><\/div><\/div><\/div><\/div><\/div><\/div><\/div><\/div><\/div><\/div><\/div><\/div><\/div>","protected":false},"excerpt":{"rendered":"<p>L&#8217;\u00e9dition internationale 2020 aura bien lieu dans un format r\u00e9adapt\u00e9 au contexte pand\u00e9mique, au profit des enfants les plus fragilis\u00e9s par la Covid-19.<\/p>\n","protected":false},"author":8,"featured_media":201380,"comment_status":"open","ping_status":"open","sticky":false,"template":"","format":"standard","meta":{"give_campaign_id":0,"footnotes":""},"categories":[91],"tags":[],"class_list":["post-201384","post","type-post","status-publish","format-standard","has-post-thumbnail","hentry","category-press-de"],"_links":{"self":[{"href":"https:\/\/compassion.ch\/de\/wp-json\/wp\/v2\/posts\/201384","targetHints":{"allow":["GET"]}}],"collection":[{"href":"https:\/\/compassion.ch\/de\/wp-json\/wp\/v2\/posts"}],"about":[{"href":"https:\/\/compassion.ch\/de\/wp-json\/wp\/v2\/types\/post"}],"author":[{"embeddable":true,"href":"https:\/\/compassion.ch\/de\/wp-json\/wp\/v2\/users\/8"}],"replies":[{"embeddable":true,"href":"https:\/\/compassion.ch\/de\/wp-json\/wp\/v2\/comments?post=201384"}],"version-history":[{"count":0,"href":"https:\/\/compassion.ch\/de\/wp-json\/wp\/v2\/posts\/201384\/revisions"}],"wp:featuredmedia":[{"embeddable":true,"href":"https:\/\/compassion.ch\/de\/wp-json\/wp\/v2\/media\/201380"}],"wp:attachment":[{"href":"https:\/\/compassion.ch\/de\/wp-json\/wp\/v2\/media?parent=201384"}],"wp:term":[{"taxonomy":"category","embeddable":true,"href":"https:\/\/compassion.ch\/de\/wp-json\/wp\/v2\/categories?post=201384"},{"taxonomy":"post_tag","embeddable":true,"href":"https:\/\/compassion.ch\/de\/wp-json\/wp\/v2\/tags?post=201384"}],"curies":[{"name":"wp","href":"https:\/\/api.w.org\/{rel}","templated":true}]}}