{"id":186160,"date":"2020-09-10T13:59:29","date_gmt":"2020-09-10T11:59:29","guid":{"rendered":"https:\/\/compassion.ch\/ils-courent-670-km-pour-les-enfants-demunis\/"},"modified":"2020-09-14T10:56:09","modified_gmt":"2020-09-14T08:56:09","slug":"ils-courent-670-km-pour-les-enfants-demunis","status":"publish","type":"post","link":"https:\/\/compassion.ch\/de\/ils-courent-670-km-pour-les-enfants-demunis\/","title":{"rendered":"Ils courent 670 km pour les enfants d\u00e9munis"},"content":{"rendered":"<div id=\"pl-186160\"  class=\"panel-layout\" ><div class=\"row section_row\"><div id=\"pg-186160-0\"  class=\"panel-grid panel-no-style\" ><div id=\"pgc-186160-0-0\"  class=\"panel-grid-cell\" ><div id=\"panel-186160-0-0-0\" class=\"so-panel widget widget_siteorigin-panels-builder panel-first-child panel-last-child\" data-index=\"0\" ><div id=\"pl-w5f5b1ef1b0d6a\"  class=\"panel-layout\" ><div class=\"row section_row\"><div id=\"pg-w5f5b1ef1b0d6a-0\"  class=\"panel-grid panel-no-style\" ><div id=\"pgc-w5f5b1ef1b0d6a-0-0\"  class=\"panel-grid-cell\" ><div id=\"panel-w5f5b1ef1b0d6a-0-0-0\" class=\"so-panel widget widget_siteorigin-panels-builder panel-first-child panel-last-child\" data-index=\"0\" ><div id=\"pl-w5f5b1ef1b0d73\"  class=\"panel-layout\" ><div class=\"row section_row\"><div id=\"pg-w5f5b1ef1b0d73-0\"  class=\"panel-grid panel-no-style\" ><div id=\"pgc-w5f5b1ef1b0d73-0-0\"  class=\"panel-grid-cell panel-grid-cell-empty\" ><\/div><div id=\"pgc-w5f5b1ef1b0d73-0-1\"  class=\"panel-grid-cell panel-grid-cell-mobile-last\" ><div id=\"panel-w5f5b1ef1b0d73-0-1-0\" class=\"so-panel widget widget_image-slider panel-first-child\" data-index=\"0\" ><div\n\t\t\t\n\t\t\tclass=\"so-widget-image-slider so-widget-image-slider-image-slider-style-d75171398898\"\n\t\t\t\n\t\t>\n<div class=\"slick-slider slick-carousel \" data-slickSlides=\"1\" data-slickScroll=\"1\" data-slickArrows=\"true\" data-slickDots=\"true\">\n\n  \n  <div class=\"slide\">\n    <div class=\"slide-image position-center\" style=\"background-image: url(https:\/\/compassion.ch\/wp-content\/uploads\/2020\/09\/lacote_compassion.jpg);\"><\/div>\n    <div class=\"slide-content-wrapper\">\n      <div class=\"slide-content\">\n              <\/div>\n    <\/div>\n  <\/div>\n\n  \n<\/div>\n<\/div><\/div><div id=\"panel-w5f5b1ef1b0d73-0-1-1\" class=\"so-panel widget widget_sow-editor panel-last-child\" data-index=\"1\" ><div\n\t\t\t\n\t\t\tclass=\"so-widget-sow-editor so-widget-sow-editor-base\"\n\t\t\t\n\t\t>\n<div class=\"siteorigin-widget-tinymce textwidget\">\n\t<p>Trois ans apr\u00e8s avoir particip\u00e9 au Marathon des Sables, le Nyonnais Raymond Girardet et le Luinois Alain Bersier se sont lanc\u00e9 un nouveau d\u00e9fi: faire huit courses pour la bonne cause.<\/p>\n<p>En savoir plus sur <a href=\"https:\/\/www.lacote.ch\/articles\/sports\/autres-sports\/ils-courent-670km-pour-les-enfants-demunis-974962\" target=\"_blank\" rel=\"noopener\">sur le site lacote.ch<\/a><\/p>\n<p><a href=\"https:\/\/compassion.ch\/wp-content\/uploads\/2020\/09\/670_km_lacote.pdf\">T\u00e9l\u00e9charger l'article en PDF<\/a><\/p>\n<p><small>Les contenus publi\u00e9s par les m\u00e9dias ne repr\u00e9sentent pas forc\u00e9ment la vision de Compassion. Il est possible que le lien de cet article ne fonctionne plus, si le m\u00e9dia a d\u00e9cider de le retirer des articles disponibles.<\/small><\/p>\n<\/div>\n<\/div><\/div><\/div><div id=\"pgc-w5f5b1ef1b0d73-0-2\"  class=\"panel-grid-cell panel-grid-cell-empty\" ><\/div><\/div><\/div><\/div><\/div><\/div><\/div><\/div><\/div><\/div><\/div><\/div><\/div><\/div>","protected":false},"excerpt":{"rendered":"<p>Trois ans apr\u00e8s avoir particip\u00e9 au Marathon des Sables, le Nyonnais Raymond Girardet et le Luinois Alain Bersier se sont lanc\u00e9 un nouveau d\u00e9fi\u2026<\/p>\n","protected":false},"author":8,"featured_media":186156,"comment_status":"open","ping_status":"open","sticky":false,"template":"","format":"standard","meta":{"give_campaign_id":0,"footnotes":""},"categories":[91],"tags":[],"class_list":["post-186160","post","type-post","status-publish","format-standard","has-post-thumbnail","hentry","category-press-de"],"_links":{"self":[{"href":"https:\/\/compassion.ch\/de\/wp-json\/wp\/v2\/posts\/186160","targetHints":{"allow":["GET"]}}],"collection":[{"href":"https:\/\/compassion.ch\/de\/wp-json\/wp\/v2\/posts"}],"about":[{"href":"https:\/\/compassion.ch\/de\/wp-json\/wp\/v2\/types\/post"}],"author":[{"embeddable":true,"href":"https:\/\/compassion.ch\/de\/wp-json\/wp\/v2\/users\/8"}],"replies":[{"embeddable":true,"href":"https:\/\/compassion.ch\/de\/wp-json\/wp\/v2\/comments?post=186160"}],"version-history":[{"count":0,"href":"https:\/\/compassion.ch\/de\/wp-json\/wp\/v2\/posts\/186160\/revisions"}],"wp:featuredmedia":[{"embeddable":true,"href":"https:\/\/compassion.ch\/de\/wp-json\/wp\/v2\/media\/186156"}],"wp:attachment":[{"href":"https:\/\/compassion.ch\/de\/wp-json\/wp\/v2\/media?parent=186160"}],"wp:term":[{"taxonomy":"category","embeddable":true,"href":"https:\/\/compassion.ch\/de\/wp-json\/wp\/v2\/categories?post=186160"},{"taxonomy":"post_tag","embeddable":true,"href":"https:\/\/compassion.ch\/de\/wp-json\/wp\/v2\/tags?post=186160"}],"curies":[{"name":"wp","href":"https:\/\/api.w.org\/{rel}","templated":true}]}}