{"id":104700,"date":"2018-12-19T11:16:32","date_gmt":"2018-12-19T10:16:32","guid":{"rendered":"https:\/\/compassion.ch\/compassion-depasse-le-cap-des-deux-millions-denfants\/"},"modified":"2018-12-19T13:09:27","modified_gmt":"2018-12-19T12:09:27","slug":"compassion-depasse-le-cap-des-deux-millions-denfants","status":"publish","type":"post","link":"https:\/\/compassion.ch\/de\/compassion-depasse-le-cap-des-deux-millions-denfants\/","title":{"rendered":"L\u2019ONG Compassion d\u00e9passe le cap des deux millions d\u2019enfants b\u00e9n\u00e9ficiaires"},"content":{"rendered":"<div id=\"pl-104700\"  class=\"panel-layout\" ><div class=\"row section_row\"><div id=\"pg-104700-0\"  class=\"panel-grid panel-no-style\" ><div id=\"pgc-104700-0-0\"  class=\"panel-grid-cell\" ><div id=\"panel-104700-0-0-0\" class=\"so-panel widget widget_siteorigin-panels-builder panel-first-child panel-last-child\" data-index=\"0\" ><div id=\"pl-w5c1a1a8084059\"  class=\"panel-layout\" ><div class=\"row section_row\"><div id=\"pg-w5c1a1a8084059-0\"  class=\"panel-grid panel-no-style\" ><div id=\"pgc-w5c1a1a8084059-0-0\"  class=\"panel-grid-cell\" ><div id=\"panel-w5c1a1a8084059-0-0-0\" class=\"so-panel widget widget_siteorigin-panels-builder panel-first-child panel-last-child\" data-index=\"0\" ><div id=\"pl-w5c1a1a80840b2\"  class=\"panel-layout\" ><div class=\"row section_row\"><div id=\"pg-w5c1a1a80840b2-0\"  class=\"panel-grid panel-no-style\" ><div id=\"pgc-w5c1a1a80840b2-0-0\"  class=\"panel-grid-cell panel-grid-cell-empty\" ><\/div><div id=\"pgc-w5c1a1a80840b2-0-1\"  class=\"panel-grid-cell panel-grid-cell-mobile-last\" ><div id=\"panel-w5c1a1a80840b2-0-1-0\" class=\"so-panel widget widget_image-slider panel-first-child\" data-index=\"0\" ><div\n\t\t\t\n\t\t\tclass=\"so-widget-image-slider so-widget-image-slider-image-slider-style-d75171398898\"\n\t\t\t\n\t\t>\n<div class=\"slick-slider slick-carousel \" data-slickSlides=\"1\" data-slickScroll=\"1\" data-slickArrows=\"true\" data-slickDots=\"true\">\n\n  \n  <div class=\"slide\">\n    <div class=\"slide-image position-center\" style=\"background-image: url(https:\/\/compassion.ch\/wp-content\/uploads\/2018\/12\/2-million_thankyou.jpg);\"><\/div>\n    <div class=\"slide-content-wrapper\">\n      <div class=\"slide-content\">\n              <\/div>\n    <\/div>\n  <\/div>\n\n  \n<\/div>\n<\/div><\/div><div id=\"panel-w5c1a1a80840b2-0-1-1\" class=\"so-panel widget widget_sow-editor panel-last-child\" data-index=\"1\" ><div\n\t\t\t\n\t\t\tclass=\"so-widget-sow-editor so-widget-sow-editor-base\"\n\t\t\t\n\t\t>\n<div class=\"siteorigin-widget-tinymce textwidget\">\n\t<p>L\u2019ONG Compassion International a franchi pour la premi\u00e8re fois le seuil de deux millions d\u2019enfants b\u00e9n\u00e9ficiaires. Un chiffre record pour l\u2019organisation fond\u00e9e en 1952 et dont le si\u00e8ge se trouve \u00e0 Colorado Springs aux Etats-Unis\u2026<\/p>\n<p>D\u00e9couvrir l'article <a href=\"http:\/\/www.evangeliques.info\/articles\/2018\/12\/13\/international-l-ong-compassion-depasse-le-cap-des-deux-millions-d-enfants-beneficiaires-19207.html\" target=\"_blank\" rel=\"noopener\">sur le site evangeliques.info<\/a><\/p>\n<p><small>Les contenus publi\u00e9s par les m\u00e9dias ne repr\u00e9sentent pas forc\u00e9ment la vision de Compassion. Il est possible que le lien de cet article ne fonctionne plus, si le m\u00e9dia a d\u00e9cider de le retirer des articles disponibles.<\/small><\/p>\n<\/div>\n<\/div><\/div><\/div><div id=\"pgc-w5c1a1a80840b2-0-2\"  class=\"panel-grid-cell panel-grid-cell-empty\" ><\/div><\/div><\/div><\/div><\/div><\/div><\/div><\/div><\/div><\/div><\/div><\/div><\/div><\/div>","protected":false},"excerpt":{"rendered":"<p>Un chiffre record pour l\u2019organisation fond\u00e9e en 1952 et dont le si\u00e8ge se trouve \u00e0 Colorado Springs aux Etats-Unis\u2026<\/p>\n","protected":false},"author":8,"featured_media":104273,"comment_status":"open","ping_status":"open","sticky":false,"template":"","format":"standard","meta":{"give_campaign_id":0,"footnotes":""},"categories":[91],"tags":[],"class_list":["post-104700","post","type-post","status-publish","format-standard","has-post-thumbnail","hentry","category-press-de"],"_links":{"self":[{"href":"https:\/\/compassion.ch\/de\/wp-json\/wp\/v2\/posts\/104700","targetHints":{"allow":["GET"]}}],"collection":[{"href":"https:\/\/compassion.ch\/de\/wp-json\/wp\/v2\/posts"}],"about":[{"href":"https:\/\/compassion.ch\/de\/wp-json\/wp\/v2\/types\/post"}],"author":[{"embeddable":true,"href":"https:\/\/compassion.ch\/de\/wp-json\/wp\/v2\/users\/8"}],"replies":[{"embeddable":true,"href":"https:\/\/compassion.ch\/de\/wp-json\/wp\/v2\/comments?post=104700"}],"version-history":[{"count":0,"href":"https:\/\/compassion.ch\/de\/wp-json\/wp\/v2\/posts\/104700\/revisions"}],"wp:featuredmedia":[{"embeddable":true,"href":"https:\/\/compassion.ch\/de\/wp-json\/wp\/v2\/media\/104273"}],"wp:attachment":[{"href":"https:\/\/compassion.ch\/de\/wp-json\/wp\/v2\/media?parent=104700"}],"wp:term":[{"taxonomy":"category","embeddable":true,"href":"https:\/\/compassion.ch\/de\/wp-json\/wp\/v2\/categories?post=104700"},{"taxonomy":"post_tag","embeddable":true,"href":"https:\/\/compassion.ch\/de\/wp-json\/wp\/v2\/tags?post=104700"}],"curies":[{"name":"wp","href":"https:\/\/api.w.org\/{rel}","templated":true}]}}